{"id":3336,"date":"2021-03-30T16:18:38","date_gmt":"2021-03-30T16:18:38","guid":{"rendered":"https:\/\/telefilm.ca\/telefilm-canada-launches-canadian-movie-of-the-week-series-on-the-apple-tv-app"},"modified":"2026-06-15T15:01:44","modified_gmt":"2026-06-15T19:01:44","slug":"telefilm-canada-launches-canadian-movie-of-the-week-series-on-the-apple-tv-app","status":"publish","type":"post","link":"https:\/\/telefilm.ca\/en\/telefilm-canada-launches-canadian-movie-of-the-week-series-on-the-apple-tv-app","title":{"rendered":"Telefilm Canada launches Canadian Movie of the Week series on the Apple TV app"},"content":{"rendered":"<div class=\"editor-content\"><p class=\"wp-block-paragraph\" style=\"text-align: center;\"><strong>Weekly Campaign Spotlights Canadian Films for $0.99<\/strong><\/p>\n<p>As audiences continue to consume digital content more than ever due to COVID-19 lockdown restrictions, Telefilm is spotlighting Canadian filmmakers with a new Canadian Movie of the Week series exclusively on the Apple TV app. Each week, one Canadian film will be featured on the Apple TV app and available to rent for only $0.99. The campaign begins Tuesday, March 30 and runs until after Canada Day.<\/p>\n<p>\u201cDiscoverability is key to making Canadian filmmakers and their works thrive in an increasingly crowded marketplace,\u201d said Christa Dickenson, Executive Director, Telefilm Canada. \u201cHosting Canadian Movie of the Week on the Apple TV app makes it easy for viewers to explore Canadian films, from festival favourites to contemporary classics and much more.\u201d<\/p>\n<p><strong>Titles in the Canadian Movie of the Week lineup include*:<\/strong><\/p>\n<p><strong><em>The Rest of Us\u00a0<\/em><\/strong><br \/>\nMarch 30 \u2013 April 5<\/p>\n<p><em><strong>Les Boys<\/strong><\/em><br \/>\nApril 6 \u2013 12<\/p>\n<p><strong><em>Wander\u00a0\u00a0\u00a0<\/em><\/strong><br \/>\nApril 13 \u2013 19<\/p>\n<p><em><strong>Canadian Strain\u00a0\u00a0<\/strong><\/em><br \/>\nApril 20 \u2013 26<\/p>\n<p><em><strong>Target Number One<\/strong><\/em><br \/>\nApril 27 \u2013 May 3<\/p>\n<p><em><strong>Maudie\u00a0<\/strong><\/em><br \/>\nMay 4 \u2013 10<\/p>\n<p><em><strong>Crash<\/strong><\/em>\u00a0(4K restoration)<br \/>\nMay 11 \u2013 17<\/p>\n<p><em><strong>Gabrielle<\/strong><\/em><br \/>\nMay 18 \u2013 24<\/p>\n<p><em><strong>Nadia, Butterfly<\/strong><\/em><br \/>\nMay 25 \u2013 31<\/p>\n<p><em><strong>The Incredible 25th Year of Mitzi Bearclaw<\/strong><\/em><br \/>\nJune 1 \u2013 7<\/p>\n<p><em><strong>Porcupine Lake\u00a0<\/strong><\/em><br \/>\nJune 8 \u2013 14<\/p>\n<p><em><strong>Starbuck\u00a0\u00a0<\/strong><\/em><br \/>\nJune 15 \u2013 21<\/p>\n<p><em><strong>1991\u00a0\u00a0<\/strong><\/em><br \/>\nJune 22 \u2013 28<\/p>\n<p><em><strong>The Kid Detective<\/strong><\/em><br \/>\nJune 29 \u2013 July 5<\/p>\n<p>*All titles\/dates subject to change<\/p>\n<figure><img loading=\"lazy\" decoding=\"async\" class=\"alignleft\" src=\"https:\/\/telefilm.ca\/wp-content\/uploads\/cmotw01-1235x729.jpg\" width=\"747\" height=\"441\" \/><\/figure>\n<p>&nbsp;<\/p>\n<p>The Apple TV app brings together all the ways to watch shows and movies into one app and is available on iPhone, iPad, Apple TV, Mac, select Samsung, LG, Sony, and VIZIO smart TVs, Roku and Amazon Fire TV devices, Chromecast with Google TV, and PlayStation and Xbox consoles. The Apple TV app also features Apple TV+, Apple\u2019s video subscription service offering original shows, movies and documentaries from the world\u2019s most creative storytellers, as well as other Apple TV channels, personalized and curated recommendations, and movies and TV shows to buy or rent.<\/p>\n<p><strong>About Telefilm Canada<\/strong><br \/>\nTelefilm is dedicated to the cultural, commercial and industrial success of Canada\u2019s audiovisual industry. Through funding and promotion programs, Telefilm supports dynamic companies and creative talent at home and around the world. Telefilm also makes recommendations regarding the certification of audiovisual treaty coproductions to the Minister of Canadian Heritage and administers the programs of the Canada Media Fund. Launched in 2012, the Talent Fund raises private donations to principally support emerging talent. Visit\u00a0<a href=\"https:\/\/telefilm.ca\/\" target=\"_blank\" rel=\"noopener\" data-cke-saved-href=\"https:\/\/telefilm.ca\"><strong>telefilm.ca<\/strong><\/a>\u00a0and follow us on Twitter at\u00a0<a href=\"http:\/\/twitter.com\/telefilm_canada\" target=\"_blank\" rel=\"noopener\" data-cke-saved-href=\"http:\/\/twitter.com\/telefilm_canada\"><strong>twitter.com\/telefilm_canada<\/strong><\/a>\u00a0and on Facebook at\u00a0<strong><a href=\"http:\/\/facebook.com\/telefilmcanada\" target=\"_blank\" rel=\"noopener\" data-cke-saved-href=\"http:\/\/facebook.com\/telefilmcanada\">facebook.com\/telefilmcanada<\/a><\/strong>.<\/p>\n<p><strong>Media contact:<\/strong><br \/>\nJoyce Richards<br \/>\nAdvisor, Public Relations \u2013 English Market<br \/>\nTelefilm Canada<br \/>\n647-475-4903<br \/>\n<strong><a href=\"mailto:joyce.richards@telefilm.ca\" data-cke-saved-href=\"mailto:joyce.richards@telefilm.ca\">joyce.richards@telefilm.ca<\/a><\/strong><\/p>\n<\/div>","protected":false},"excerpt":{"rendered":"<p>Weekly Campaign Spotlights Canadian Films for $0.99 As audiences continue to consume digital content more than ever due to COVID-19 lockdown restrictions, Telefilm is spotlighting Canadian filmmakers with a new Canadian Movie of the Week series exclusively on the Apple TV app. Each week, one Canadian film will be featured on the Apple TV app [&hellip;]<\/p>\n","protected":false},"author":1,"featured_media":0,"comment_status":"open","ping_status":"closed","sticky":false,"template":"","format":"standard","meta":{"_acf_changed":false,"footnotes":""},"categories":[1],"tags":[],"class_list":["post-3336","post","type-post","status-publish","format-standard","hentry","category-news-releases"],"acf":{"liens":null},"yoast_head":"<!-- This site is optimized with the Yoast SEO plugin v28.4 - https:\/\/yoast.com\/product\/yoast-seo-wordpress\/ -->\n<title>Telefilm Canada launches Canadian Movie of the Week series on the Apple TV app | Telefilm Canada<\/title>\n<meta name=\"robots\" content=\"index, follow, max-snippet:-1, max-image-preview:large, max-video-preview:-1\" \/>\n<link rel=\"canonical\" href=\"https:\/\/telefilm.ca\/en\/telefilm-canada-launches-canadian-movie-of-the-week-series-on-the-apple-tv-app\" \/>\n<meta property=\"og:locale\" content=\"en_US\" \/>\n<meta property=\"og:type\" content=\"article\" \/>\n<meta property=\"og:title\" content=\"Telefilm Canada launches Canadian Movie of the Week series on the Apple TV app | Telefilm Canada\" \/>\n<meta property=\"og:description\" content=\"Weekly Campaign Spotlights Canadian Films for $0.99 As audiences continue to consume digital content more than ever due to COVID-19 lockdown restrictions, Telefilm is spotlighting Canadian filmmakers with a new Canadian Movie of the Week series exclusively on the Apple TV app. Each week, one Canadian film will be featured on the Apple TV app [&hellip;]\" \/>\n<meta property=\"og:url\" content=\"https:\/\/telefilm.ca\/en\/telefilm-canada-launches-canadian-movie-of-the-week-series-on-the-apple-tv-app\" \/>\n<meta property=\"og:site_name\" content=\"Telefilm Canada\" \/>\n<meta property=\"article:publisher\" content=\"https:\/\/www.facebook.com\/TelefilmCanada\/\" \/>\n<meta property=\"article:published_time\" content=\"2021-03-30T16:18:38+00:00\" \/>\n<meta property=\"article:modified_time\" content=\"2026-06-15T19:01:44+00:00\" \/>\n<meta property=\"og:image\" content=\"https:\/\/telefilm.ca\/wp-content\/uploads\/cmotw01-1235x729.jpg\" \/>\n<meta name=\"author\" content=\"activis\" \/>\n<meta name=\"twitter:card\" content=\"summary_large_image\" \/>\n<meta name=\"twitter:creator\" content=\"@Telefilm_Canada\" \/>\n<meta name=\"twitter:site\" content=\"@Telefilm_Canada\" \/>\n<meta name=\"twitter:label1\" content=\"Written by\" \/>\n\t<meta name=\"twitter:data1\" content=\"activis\" \/>\n\t<meta name=\"twitter:label2\" content=\"Est. reading time\" \/>\n\t<meta name=\"twitter:data2\" content=\"2 minutes\" \/>\n<script type=\"application\/ld+json\" class=\"yoast-schema-graph\">{\"@context\":\"https:\\\/\\\/schema.org\",\"@graph\":[{\"@type\":\"Article\",\"@id\":\"https:\\\/\\\/telefilm.ca\\\/en\\\/telefilm-canada-launches-canadian-movie-of-the-week-series-on-the-apple-tv-app#article\",\"isPartOf\":{\"@id\":\"https:\\\/\\\/telefilm.ca\\\/en\\\/telefilm-canada-launches-canadian-movie-of-the-week-series-on-the-apple-tv-app\"},\"author\":{\"name\":\"activis\",\"@id\":\"https:\\\/\\\/telefilm.ca\\\/en\\\/#\\\/schema\\\/person\\\/7ae4b57998164e67f9a6b3f8fc95af0f\"},\"headline\":\"Telefilm Canada launches Canadian Movie of the Week series on the Apple TV app\",\"datePublished\":\"2021-03-30T16:18:38+00:00\",\"dateModified\":\"2026-06-15T19:01:44+00:00\",\"mainEntityOfPage\":{\"@id\":\"https:\\\/\\\/telefilm.ca\\\/en\\\/telefilm-canada-launches-canadian-movie-of-the-week-series-on-the-apple-tv-app\"},\"wordCount\":410,\"commentCount\":0,\"publisher\":{\"@id\":\"https:\\\/\\\/telefilm.ca\\\/en\\\/#organization\"},\"image\":{\"@id\":\"https:\\\/\\\/telefilm.ca\\\/en\\\/telefilm-canada-launches-canadian-movie-of-the-week-series-on-the-apple-tv-app#primaryimage\"},\"thumbnailUrl\":\"https:\\\/\\\/telefilm.ca\\\/wp-content\\\/uploads\\\/cmotw01-1235x729.jpg\",\"articleSection\":[\"News releases\"],\"inLanguage\":\"en-CA\",\"potentialAction\":[{\"@type\":\"CommentAction\",\"name\":\"Comment\",\"target\":[\"https:\\\/\\\/telefilm.ca\\\/en\\\/telefilm-canada-launches-canadian-movie-of-the-week-series-on-the-apple-tv-app#respond\"]}]},{\"@type\":\"WebPage\",\"@id\":\"https:\\\/\\\/telefilm.ca\\\/en\\\/telefilm-canada-launches-canadian-movie-of-the-week-series-on-the-apple-tv-app\",\"url\":\"https:\\\/\\\/telefilm.ca\\\/en\\\/telefilm-canada-launches-canadian-movie-of-the-week-series-on-the-apple-tv-app\",\"name\":\"Telefilm Canada launches Canadian Movie of the Week series on the Apple TV app | Telefilm Canada\",\"isPartOf\":{\"@id\":\"https:\\\/\\\/telefilm.ca\\\/en\\\/#website\"},\"primaryImageOfPage\":{\"@id\":\"https:\\\/\\\/telefilm.ca\\\/en\\\/telefilm-canada-launches-canadian-movie-of-the-week-series-on-the-apple-tv-app#primaryimage\"},\"image\":{\"@id\":\"https:\\\/\\\/telefilm.ca\\\/en\\\/telefilm-canada-launches-canadian-movie-of-the-week-series-on-the-apple-tv-app#primaryimage\"},\"thumbnailUrl\":\"https:\\\/\\\/telefilm.ca\\\/wp-content\\\/uploads\\\/cmotw01-1235x729.jpg\",\"datePublished\":\"2021-03-30T16:18:38+00:00\",\"dateModified\":\"2026-06-15T19:01:44+00:00\",\"breadcrumb\":{\"@id\":\"https:\\\/\\\/telefilm.ca\\\/en\\\/telefilm-canada-launches-canadian-movie-of-the-week-series-on-the-apple-tv-app#breadcrumb\"},\"inLanguage\":\"en-CA\",\"potentialAction\":[{\"@type\":\"ReadAction\",\"target\":[\"https:\\\/\\\/telefilm.ca\\\/en\\\/telefilm-canada-launches-canadian-movie-of-the-week-series-on-the-apple-tv-app\"]}]},{\"@type\":\"ImageObject\",\"inLanguage\":\"en-CA\",\"@id\":\"https:\\\/\\\/telefilm.ca\\\/en\\\/telefilm-canada-launches-canadian-movie-of-the-week-series-on-the-apple-tv-app#primaryimage\",\"url\":\"https:\\\/\\\/telefilm.ca\\\/wp-content\\\/uploads\\\/cmotw01-1235x729.jpg\",\"contentUrl\":\"https:\\\/\\\/telefilm.ca\\\/wp-content\\\/uploads\\\/cmotw01-1235x729.jpg\"},{\"@type\":\"BreadcrumbList\",\"@id\":\"https:\\\/\\\/telefilm.ca\\\/en\\\/telefilm-canada-launches-canadian-movie-of-the-week-series-on-the-apple-tv-app#breadcrumb\",\"itemListElement\":[{\"@type\":\"ListItem\",\"position\":1,\"name\":\"Home\",\"item\":\"https:\\\/\\\/telefilm.ca\\\/en\"},{\"@type\":\"ListItem\",\"position\":2,\"name\":\"News releases\",\"item\":\"https:\\\/\\\/telefilm.ca\\\/en\\\/news-releases\"},{\"@type\":\"ListItem\",\"position\":3,\"name\":\"Telefilm Canada launches Canadian Movie of the Week series on the Apple TV app\"}]},{\"@type\":\"WebSite\",\"@id\":\"https:\\\/\\\/telefilm.ca\\\/en\\\/#website\",\"url\":\"https:\\\/\\\/telefilm.ca\\\/en\\\/\",\"name\":\"Telefilm Canada\",\"description\":\"Partner of Choice\",\"publisher\":{\"@id\":\"https:\\\/\\\/telefilm.ca\\\/en\\\/#organization\"},\"potentialAction\":[{\"@type\":\"SearchAction\",\"target\":{\"@type\":\"EntryPoint\",\"urlTemplate\":\"https:\\\/\\\/telefilm.ca\\\/en\\\/?s={search_term_string}\"},\"query-input\":{\"@type\":\"PropertyValueSpecification\",\"valueRequired\":true,\"valueName\":\"search_term_string\"}}],\"inLanguage\":\"en-CA\"},{\"@type\":\"Organization\",\"@id\":\"https:\\\/\\\/telefilm.ca\\\/en\\\/#organization\",\"name\":\"Telefilm Canada\",\"url\":\"https:\\\/\\\/telefilm.ca\\\/en\\\/\",\"logo\":{\"@type\":\"ImageObject\",\"inLanguage\":\"en-CA\",\"@id\":\"https:\\\/\\\/telefilm.ca\\\/en\\\/#\\\/schema\\\/logo\\\/image\\\/\",\"url\":\"https:\\\/\\\/telefilm.ca\\\/wp-content\\\/uploads\\\/2026\\\/05\\\/cropped-tfc_favicon_512.png\",\"contentUrl\":\"https:\\\/\\\/telefilm.ca\\\/wp-content\\\/uploads\\\/2026\\\/05\\\/cropped-tfc_favicon_512.png\",\"width\":512,\"height\":512,\"caption\":\"Telefilm Canada\"},\"image\":{\"@id\":\"https:\\\/\\\/telefilm.ca\\\/en\\\/#\\\/schema\\\/logo\\\/image\\\/\"},\"sameAs\":[\"https:\\\/\\\/www.facebook.com\\\/TelefilmCanada\\\/\",\"https:\\\/\\\/x.com\\\/Telefilm_Canada\",\"https:\\\/\\\/www.instagram.com\\\/telefilm_canada\\\/\",\"https:\\\/\\\/www.linkedin.com\\\/company\\\/telefilm-canada\\\/\",\"https:\\\/\\\/www.youtube.com\\\/user\\\/telefilmcanada\"]},{\"@type\":\"Person\",\"@id\":\"https:\\\/\\\/telefilm.ca\\\/en\\\/#\\\/schema\\\/person\\\/7ae4b57998164e67f9a6b3f8fc95af0f\",\"name\":\"activis\",\"image\":{\"@type\":\"ImageObject\",\"inLanguage\":\"en-CA\",\"@id\":\"https:\\\/\\\/secure.gravatar.com\\\/avatar\\\/fdbf879f592e252f73dc1a59f25a0093f5d64089cf1613216edd9805faf016d5?s=96&d=mm&r=g\",\"url\":\"https:\\\/\\\/secure.gravatar.com\\\/avatar\\\/fdbf879f592e252f73dc1a59f25a0093f5d64089cf1613216edd9805faf016d5?s=96&d=mm&r=g\",\"contentUrl\":\"https:\\\/\\\/secure.gravatar.com\\\/avatar\\\/fdbf879f592e252f73dc1a59f25a0093f5d64089cf1613216edd9805faf016d5?s=96&d=mm&r=g\",\"caption\":\"activis\"},\"sameAs\":[\"https:\\\/\\\/telefilm.ca\"],\"url\":\"https:\\\/\\\/telefilm.ca\\\/en\\\/author\\\/activis\"}]}<\/script>\n<!-- \/ Yoast SEO plugin. -->","yoast_head_json":{"title":"Telefilm Canada launches Canadian Movie of the Week series on the Apple TV app | Telefilm Canada","robots":{"index":"index","follow":"follow","max-snippet":"max-snippet:-1","max-image-preview":"max-image-preview:large","max-video-preview":"max-video-preview:-1"},"canonical":"https:\/\/telefilm.ca\/en\/telefilm-canada-launches-canadian-movie-of-the-week-series-on-the-apple-tv-app","og_locale":"en_US","og_type":"article","og_title":"Telefilm Canada launches Canadian Movie of the Week series on the Apple TV app | Telefilm Canada","og_description":"Weekly Campaign Spotlights Canadian Films for $0.99 As audiences continue to consume digital content more than ever due to COVID-19 lockdown restrictions, Telefilm is spotlighting Canadian filmmakers with a new Canadian Movie of the Week series exclusively on the Apple TV app. Each week, one Canadian film will be featured on the Apple TV app [&hellip;]","og_url":"https:\/\/telefilm.ca\/en\/telefilm-canada-launches-canadian-movie-of-the-week-series-on-the-apple-tv-app","og_site_name":"Telefilm Canada","article_publisher":"https:\/\/www.facebook.com\/TelefilmCanada\/","article_published_time":"2021-03-30T16:18:38+00:00","article_modified_time":"2026-06-15T19:01:44+00:00","og_image":[{"url":"https:\/\/telefilm.ca\/wp-content\/uploads\/cmotw01-1235x729.jpg","type":"","width":"","height":""}],"author":"activis","twitter_card":"summary_large_image","twitter_creator":"@Telefilm_Canada","twitter_site":"@Telefilm_Canada","twitter_misc":{"Written by":"activis","Est. reading time":"2 minutes"},"schema":{"@context":"https:\/\/schema.org","@graph":[{"@type":"Article","@id":"https:\/\/telefilm.ca\/en\/telefilm-canada-launches-canadian-movie-of-the-week-series-on-the-apple-tv-app#article","isPartOf":{"@id":"https:\/\/telefilm.ca\/en\/telefilm-canada-launches-canadian-movie-of-the-week-series-on-the-apple-tv-app"},"author":{"name":"activis","@id":"https:\/\/telefilm.ca\/en\/#\/schema\/person\/7ae4b57998164e67f9a6b3f8fc95af0f"},"headline":"Telefilm Canada launches Canadian Movie of the Week series on the Apple TV app","datePublished":"2021-03-30T16:18:38+00:00","dateModified":"2026-06-15T19:01:44+00:00","mainEntityOfPage":{"@id":"https:\/\/telefilm.ca\/en\/telefilm-canada-launches-canadian-movie-of-the-week-series-on-the-apple-tv-app"},"wordCount":410,"commentCount":0,"publisher":{"@id":"https:\/\/telefilm.ca\/en\/#organization"},"image":{"@id":"https:\/\/telefilm.ca\/en\/telefilm-canada-launches-canadian-movie-of-the-week-series-on-the-apple-tv-app#primaryimage"},"thumbnailUrl":"https:\/\/telefilm.ca\/wp-content\/uploads\/cmotw01-1235x729.jpg","articleSection":["News releases"],"inLanguage":"en-CA","potentialAction":[{"@type":"CommentAction","name":"Comment","target":["https:\/\/telefilm.ca\/en\/telefilm-canada-launches-canadian-movie-of-the-week-series-on-the-apple-tv-app#respond"]}]},{"@type":"WebPage","@id":"https:\/\/telefilm.ca\/en\/telefilm-canada-launches-canadian-movie-of-the-week-series-on-the-apple-tv-app","url":"https:\/\/telefilm.ca\/en\/telefilm-canada-launches-canadian-movie-of-the-week-series-on-the-apple-tv-app","name":"Telefilm Canada launches Canadian Movie of the Week series on the Apple TV app | Telefilm Canada","isPartOf":{"@id":"https:\/\/telefilm.ca\/en\/#website"},"primaryImageOfPage":{"@id":"https:\/\/telefilm.ca\/en\/telefilm-canada-launches-canadian-movie-of-the-week-series-on-the-apple-tv-app#primaryimage"},"image":{"@id":"https:\/\/telefilm.ca\/en\/telefilm-canada-launches-canadian-movie-of-the-week-series-on-the-apple-tv-app#primaryimage"},"thumbnailUrl":"https:\/\/telefilm.ca\/wp-content\/uploads\/cmotw01-1235x729.jpg","datePublished":"2021-03-30T16:18:38+00:00","dateModified":"2026-06-15T19:01:44+00:00","breadcrumb":{"@id":"https:\/\/telefilm.ca\/en\/telefilm-canada-launches-canadian-movie-of-the-week-series-on-the-apple-tv-app#breadcrumb"},"inLanguage":"en-CA","potentialAction":[{"@type":"ReadAction","target":["https:\/\/telefilm.ca\/en\/telefilm-canada-launches-canadian-movie-of-the-week-series-on-the-apple-tv-app"]}]},{"@type":"ImageObject","inLanguage":"en-CA","@id":"https:\/\/telefilm.ca\/en\/telefilm-canada-launches-canadian-movie-of-the-week-series-on-the-apple-tv-app#primaryimage","url":"https:\/\/telefilm.ca\/wp-content\/uploads\/cmotw01-1235x729.jpg","contentUrl":"https:\/\/telefilm.ca\/wp-content\/uploads\/cmotw01-1235x729.jpg"},{"@type":"BreadcrumbList","@id":"https:\/\/telefilm.ca\/en\/telefilm-canada-launches-canadian-movie-of-the-week-series-on-the-apple-tv-app#breadcrumb","itemListElement":[{"@type":"ListItem","position":1,"name":"Home","item":"https:\/\/telefilm.ca\/en"},{"@type":"ListItem","position":2,"name":"News releases","item":"https:\/\/telefilm.ca\/en\/news-releases"},{"@type":"ListItem","position":3,"name":"Telefilm Canada launches Canadian Movie of the Week series on the Apple TV app"}]},{"@type":"WebSite","@id":"https:\/\/telefilm.ca\/en\/#website","url":"https:\/\/telefilm.ca\/en\/","name":"Telefilm Canada","description":"Partner of Choice","publisher":{"@id":"https:\/\/telefilm.ca\/en\/#organization"},"potentialAction":[{"@type":"SearchAction","target":{"@type":"EntryPoint","urlTemplate":"https:\/\/telefilm.ca\/en\/?s={search_term_string}"},"query-input":{"@type":"PropertyValueSpecification","valueRequired":true,"valueName":"search_term_string"}}],"inLanguage":"en-CA"},{"@type":"Organization","@id":"https:\/\/telefilm.ca\/en\/#organization","name":"Telefilm Canada","url":"https:\/\/telefilm.ca\/en\/","logo":{"@type":"ImageObject","inLanguage":"en-CA","@id":"https:\/\/telefilm.ca\/en\/#\/schema\/logo\/image\/","url":"https:\/\/telefilm.ca\/wp-content\/uploads\/2026\/05\/cropped-tfc_favicon_512.png","contentUrl":"https:\/\/telefilm.ca\/wp-content\/uploads\/2026\/05\/cropped-tfc_favicon_512.png","width":512,"height":512,"caption":"Telefilm Canada"},"image":{"@id":"https:\/\/telefilm.ca\/en\/#\/schema\/logo\/image\/"},"sameAs":["https:\/\/www.facebook.com\/TelefilmCanada\/","https:\/\/x.com\/Telefilm_Canada","https:\/\/www.instagram.com\/telefilm_canada\/","https:\/\/www.linkedin.com\/company\/telefilm-canada\/","https:\/\/www.youtube.com\/user\/telefilmcanada"]},{"@type":"Person","@id":"https:\/\/telefilm.ca\/en\/#\/schema\/person\/7ae4b57998164e67f9a6b3f8fc95af0f","name":"activis","image":{"@type":"ImageObject","inLanguage":"en-CA","@id":"https:\/\/secure.gravatar.com\/avatar\/fdbf879f592e252f73dc1a59f25a0093f5d64089cf1613216edd9805faf016d5?s=96&d=mm&r=g","url":"https:\/\/secure.gravatar.com\/avatar\/fdbf879f592e252f73dc1a59f25a0093f5d64089cf1613216edd9805faf016d5?s=96&d=mm&r=g","contentUrl":"https:\/\/secure.gravatar.com\/avatar\/fdbf879f592e252f73dc1a59f25a0093f5d64089cf1613216edd9805faf016d5?s=96&d=mm&r=g","caption":"activis"},"sameAs":["https:\/\/telefilm.ca"],"url":"https:\/\/telefilm.ca\/en\/author\/activis"}]}},"wpml_current_locale":"en_CA","wpml_translations":[{"locale":"fr_CA","id":3337,"post_title":"T\u00e9l\u00e9film Canada lance la s\u00e9rie \u00ab Le film canadien de la semaine \u00bb sur l\u2019appli Apple TV","href":"https:\/\/telefilm.ca\/fr\/telefilm-canada-lance-la-serie-le-film-canadien-de-la-semaine-sur-lappli-apple-tv\/"}],"_links":{"self":[{"href":"https:\/\/telefilm.ca\/en\/wp-json\/wp\/v2\/posts\/3336","targetHints":{"allow":["GET"]}}],"collection":[{"href":"https:\/\/telefilm.ca\/en\/wp-json\/wp\/v2\/posts"}],"about":[{"href":"https:\/\/telefilm.ca\/en\/wp-json\/wp\/v2\/types\/post"}],"author":[{"embeddable":true,"href":"https:\/\/telefilm.ca\/en\/wp-json\/wp\/v2\/users\/1"}],"replies":[{"embeddable":true,"href":"https:\/\/telefilm.ca\/en\/wp-json\/wp\/v2\/comments?post=3336"}],"version-history":[{"count":1,"href":"https:\/\/telefilm.ca\/en\/wp-json\/wp\/v2\/posts\/3336\/revisions"}],"predecessor-version":[{"id":190496,"href":"https:\/\/telefilm.ca\/en\/wp-json\/wp\/v2\/posts\/3336\/revisions\/190496"}],"wp:attachment":[{"href":"https:\/\/telefilm.ca\/en\/wp-json\/wp\/v2\/media?parent=3336"}],"wp:term":[{"taxonomy":"category","embeddable":true,"href":"https:\/\/telefilm.ca\/en\/wp-json\/wp\/v2\/categories?post=3336"},{"taxonomy":"post_tag","embeddable":true,"href":"https:\/\/telefilm.ca\/en\/wp-json\/wp\/v2\/tags?post=3336"}],"curies":[{"name":"wp","href":"https:\/\/api.w.org\/{rel}","templated":true}]}}