{"id":120603,"date":"2022-08-24T15:32:20","date_gmt":"2022-08-24T15:32:20","guid":{"rendered":"https:\/\/telefilm.ca\/printemps-eternel-%e9%95%b7%e6%98%a5-representera-le-canada-dans-la-course-pour-loscar-du-meilleur-film-international-2023"},"modified":"2026-06-15T15:14:20","modified_gmt":"2026-06-15T19:14:20","slug":"printemps-eternel-%e9%95%b7%e6%98%a5-representera-le-canada-dans-la-course-pour-loscar-du-meilleur-film-international-2023","status":"publish","type":"post","link":"https:\/\/telefilm.ca\/fr\/printemps-eternel-%e9%95%b7%e6%98%a5-representera-le-canada-dans-la-course-pour-loscar-du-meilleur-film-international-2023","title":{"rendered":"Printemps \u00e9ternel (\u9577\u6625) repr\u00e9sentera le Canada dans la course pour l\u2019Oscar du Meilleur film international 2023"},"content":{"rendered":"<div class=\"editor-content\">\n<p class=\"wp-block-paragraph\"><p><b><i><span data-contrast=\"none\">Printemps \u00e9ternel<\/span><\/i><\/b><b><span data-contrast=\"none\"> (<\/span><\/b><b><span data-contrast=\"none\">\u9577\u6625<\/span><\/b><b><span data-contrast=\"none\">)<\/span><\/b><span data-contrast=\"none\"> du r\u00e9alisateur, sc\u00e9nariste et producteur <\/span><span data-contrast=\"auto\">Jason Loftus aux c\u00f4t\u00e9s des sc\u00e9naristes Masha Loftus et les fr\u00e8res Pearman ainsi que les producteurs Masha Loftus, Yvan Pinard et Kevin Koo, <\/span><span data-contrast=\"none\">repr\u00e9sentera\u202fle Canada dans le cadre du processus de nomination pour le\u202fMeilleur film international de la 95e\u202fc\u00e9r\u00e9monie des Oscars, qui se d\u00e9roulera le 12 mars\u202f2023.\u202fLe film est produit par\u202fLofty Sky Entertainment.\u202fL\u2019agence\u202fde ventes\u202finternationales\u202fdu film\u202fest\u202fSideways Film.\u202f<\/span><span data-ccp-props=\"{&quot;201341983&quot;:0,&quot;335559739&quot;:300,&quot;335559740&quot;:240}\">&nbsp;<\/span><\/p>\n<p><span data-contrast=\"none\">\u00ab C\u2019est avec beaucoup d\u2019enthousiasme que nous annon\u00e7ons que <\/span><b><i><span data-contrast=\"none\">Printemps \u00e9ternel<\/span><\/i><\/b><span data-contrast=\"none\"> (<\/span><span data-contrast=\"auto\">\u9577\u6625<\/span><span data-contrast=\"auto\">)<\/span> <span data-contrast=\"none\">a \u00e9t\u00e9 s\u00e9lectionn<\/span><span data-contrast=\"none\">\u00e9<\/span><span data-contrast=\"none\"> parmi 16 films soumis au comit\u00e9 de s\u00e9lection pancanadien, ce dernier ayant conclu qu\u2019il s\u2019agissait du film ayant les meilleures chances de bien se positionner tout au long de la course \u00e0 l\u2019Oscar, qui comporte plusieurs \u00e9tapes, \u00bb a <\/span><b><span data-contrast=\"none\">d\u00e9clar\u00e9\u202fChrista Dickenson<\/span><\/b><span data-contrast=\"none\">, directrice g\u00e9n\u00e9rale de T\u00e9l\u00e9film Canada et cheffe de la direction.\u202f\u00ab\u202fCette aventure repr\u00e9sente une opportunit\u00e9 exceptionnelle pour <\/span><b><i><span data-contrast=\"none\">Printemps \u00e9ternel <\/span><\/i><\/b><span data-contrast=\"none\">(<\/span><span data-contrast=\"auto\">\u9577\u6625<\/span><span data-contrast=\"auto\">)<\/span> <span data-contrast=\"none\">de joindre de nouveaux auditoires et offre par le fait m\u00eame une occasion en or de faire valoir la grande qualit\u00e9 de la cin\u00e9matographie canadienne. C\u2019est pourquoi T\u00e9l\u00e9film soutiendra l\u2019\u00e9quipe du film dans le cadre de cette prestigieuse comp\u00e9tition, et nous lui souhaitons la meilleure des chances <\/span><span data-contrast=\"none\">\u00bb.\u202f\u202f\u202f\u202f<\/span><span data-ccp-props=\"{&quot;201341983&quot;:0,&quot;335559739&quot;:300,&quot;335559740&quot;:240}\">&nbsp;<\/span><\/p>\n<p><span data-contrast=\"none\">\u00ab\u202f<\/span><span data-contrast=\"none\">\u00catre s\u00e9lectionn\u00e9 pour repr\u00e9senter le Canada dans la cat\u00e9gorie du meilleur film international pour la 95e c\u00e9r\u00e9monie des Oscars est un immense honneur<\/span><span data-contrast=\"none\">\u202f\u00bb, a d\u00e9clar\u00e9 Jason Loftus, r\u00e9alisateur, sc\u00e9nariste et producteur. \u00ab\u202fPrintemps \u00e9ternel (<\/span><span data-contrast=\"none\">\u9577\u6625<\/span><span data-contrast=\"none\">) est le fruit de la cr\u00e9ativit\u00e9, de la diversit\u00e9 et de la tol\u00e9rance dont fait preuve le Canada. Gr\u00e2ce \u00e0 l\u2019histoire et \u00e0 l\u2019art de Daxiong, ainsi qu\u2019au talent de notre \u00e9quipe d\u2019animation bas\u00e9e au Qu\u00e9bec, nous esp\u00e9rons que cette histoire universelle de courage face \u00e0 l\u2019injustice et \u00e0 la r\u00e9pression aura une r\u00e9sonance mondiale.\u202f\u00bb\u202f\u202f&nbsp;<\/span><span data-ccp-props=\"{&quot;201341983&quot;:0,&quot;335559739&quot;:300,&quot;335559740&quot;:240}\">&nbsp;<\/span><\/p>\n<p><b><i><span data-contrast=\"none\">Printemps \u00e9ternel<\/span><\/i><\/b><b><span data-contrast=\"none\"> (<\/span><\/b><b><span data-contrast=\"none\">\u9577\u6625<\/span><\/b><b><span data-contrast=\"none\">)<\/span><\/b><span data-contrast=\"none\"> a<\/span><span data-contrast=\"none\"> \u00e9t\u00e9 pr\u00e9sent\u00e9 <\/span><span data-contrast=\"none\">dans plusieurs festivals internationaux,\u202fet\u202fprendra l\u2019affiche\u202fle 23 septembre prochain partout au pays, et le 14 octobre aux \u00c9tats-Unis. Il s\u2019agit d\u2019un film d\u2019animation documentaire et met notamment en lumi<\/span><span data-contrast=\"none\">\u00e8re<\/span><span data-contrast=\"none\"> le travail de l\u2019illustrateur de renomm\u00e9e internationale <\/span><span data-contrast=\"auto\">Daxiong.<\/span><span data-contrast=\"none\">\u202f<\/span><span data-ccp-props=\"{&quot;201341983&quot;:0,&quot;335559739&quot;:160,&quot;335559740&quot;:259}\">&nbsp;<\/span><\/p>\n<p><span data-contrast=\"none\">Pour l\u2019instant,\u202fcinq\u202fpays ont soumis leur candidature pour le meilleur film international. L\u2019ann\u00e9e derni\u00e8re,\u202f92\u202fpays\u202favaient\u202fsoumis un film\u202fdans cette cat\u00e9gorie.\u202f<\/span><span data-ccp-props=\"{&quot;201341983&quot;:0,&quot;335559739&quot;:300,&quot;335559740&quot;:240}\">&nbsp;<\/span><\/p>\n<p><b><span data-contrast=\"none\">Synopsis\u202fdu\u202ffilm\u202f<\/span><\/b><span data-contrast=\"none\">\u202f<\/span><span data-ccp-props=\"{&quot;201341983&quot;:0,&quot;335559739&quot;:300,&quot;335559740&quot;:240}\">&nbsp;<\/span><\/p>\n<p><span data-contrast=\"none\">En mars 2002, le signal d\u2019une cha\u00eene de t\u00e9l\u00e9 d\u2019\u00c9tat chinoise est pirat\u00e9 par des membres de Falun Gong, une association spirituelle formellement interdite. Le but de l\u2019action est de contrer le r\u00e9cit mensonger mis de l\u2019avant par le gouvernement au sujet de leur pratique. Dans la foul\u00e9e, des rafles polici\u00e8res sont men\u00e9es dans toute la ville de Changchun et le dessinateur de B.D. Daxiong (Justice League, Star Wars), lui-m\u00eame adepte de Falun Gong, est contraint \u00e0 la fuite. Exil\u00e9 en Am\u00e9rique du Nord, il est persuad\u00e9 que cette action a exacerb\u00e9 la r\u00e9pression brutale ciblant le mouvement. Mais ses certitudes sont \u00e9branl\u00e9es au contact du seul participant survivant ayant r\u00e9ussi \u00e0 fuir la Chine, aujourd\u2019hui install\u00e9 \u00e0 S\u00e9oul, en Cor\u00e9e du Sud.\u00c0 l\u2019occasion du 20e anniversaire du piratage des ondes de la t\u00e9l\u00e9 chinoise, combinant des images contemporaines aux animations 3D inspir\u00e9es des illustrations de Daxiong, Printemps \u00e9ternel (<\/span><span data-contrast=\"none\">\u9577\u6625<\/span><span data-contrast=\"none\">) reconstitue cette action de d\u00e9sob\u00e9issance sans pr\u00e9c\u00e9dent, relaie des t\u00e9moignages poignants de la pers\u00e9cution et tisse le r\u00e9cit exaltant d\u2019une d\u00e9termination in\u00e9branlable \u00e0 d\u00e9fendre co\u00fbte que co\u00fbte les libert\u00e9s politiques et religieuses.<\/span><span data-ccp-props=\"{&quot;201341983&quot;:0,&quot;335559739&quot;:300,&quot;335559740&quot;:240}\">&nbsp;<\/span><\/p>\n<p><span data-contrast=\"none\">Kit de presse\u202fdu film\u202f<\/span><a href=\"https:\/\/drive.google.com\/drive\/folders\/1NIN_w6HLb2F6Pt0ALdbslwi8Aq7CoN-T\"><b><span data-contrast=\"none\">ici<\/span><\/b><\/a><a href=\"https:\/\/www.lesfilmsopale.com\/les-oiseaux-ivres\"><span data-contrast=\"none\">.<\/span><\/a><br>\n<a href=\"https:\/\/drive.google.com\/drive\/folders\/1NIN_w6HLb2F6Pt0ALdbslwi8Aq7CoN-T\"><b><span data-contrast=\"none\">Photos ici<\/span><\/b><\/a><span data-ccp-props=\"{&quot;201341983&quot;:0,&quot;335559739&quot;:300,&quot;335559740&quot;:240}\">&nbsp;<\/span><\/p>\n<p><b><span data-contrast=\"none\">Le Canada dans la cat\u00e9gorie du Meilleur film international (anciennement Meilleur film en langue \u00e9trang\u00e8re) des Oscars<\/span><\/b><span data-ccp-props=\"{&quot;201341983&quot;:0,&quot;335559739&quot;:300,&quot;335559740&quot;:240}\">&nbsp;<\/span><\/p>\n<p><span data-contrast=\"none\">Dans l\u2019histoire des Oscars, huit films canadiens se sont retrouv\u00e9s en nomination officielle dans la cat\u00e9gorie Meilleur film en langue \u00e9trang\u00e8re : en 2013,\u202f<\/span><i><span data-contrast=\"none\">Rebelle<\/span><\/i><span data-contrast=\"none\">\u202fde Kim Nguyen; en 2012,\u202f<\/span><i><span data-contrast=\"none\">Monsieur\u202fLazhar<\/span><\/i><span data-contrast=\"none\">\u202fde Philippe Falardeau et\u202f<\/span><i><span data-contrast=\"none\">In\u202fDarkness\u202f<\/span><\/i><span data-contrast=\"none\">d\u2019Agnieszka Holland (une coproduction minoritaire avec la Pologne et l\u2019Allemagne); en 2011,\u202f<\/span><i><span data-contrast=\"none\">Incendies<\/span><\/i><span data-contrast=\"none\">\u202fde Denis Villeneuve; et, en 2007,\u202f<\/span><i><span data-contrast=\"none\">Water<\/span><\/i><span data-contrast=\"none\">\u202fde\u202fDeepa\u202fMehta. Trois films de Denys Arcand ont \u00e9galement \u00e9t\u00e9 nomm\u00e9s\u202f:\u202f<\/span><i><span data-contrast=\"none\">Le D\u00e9clin de l\u2019empire am\u00e9ricain<\/span><\/i><span data-contrast=\"none\">\u202fen 1987,\u202f<\/span><i><span data-contrast=\"none\">J\u00e9sus de Montr\u00e9al<\/span><\/i><span data-contrast=\"none\">\u202fen 1990 et\u202f<\/span><i><span data-contrast=\"none\">Les Invasions barbares<\/span><\/i><span data-contrast=\"none\">\u202fen 2004, le seul film canadien \u00e0 avoir remport\u00e9 la statuette dans cette cat\u00e9gorie.\u202f<\/span><span data-ccp-props=\"{&quot;201341983&quot;:0,&quot;335559739&quot;:300,&quot;335559740&quot;:240}\">&nbsp;<\/span><\/p>\n<p><b><span data-contrast=\"none\">Processus de s\u00e9lection pour la cat\u00e9gorie du Meilleur film international<\/span><\/b><span data-ccp-props=\"{&quot;201341983&quot;:0,&quot;335559739&quot;:300,&quot;335559740&quot;:240}\">&nbsp;<\/span><\/p>\n<p><span data-contrast=\"none\">T\u00e9l\u00e9film Canada coordonne et pr\u00e9side le comit\u00e9 de s\u00e9lection pancanadien sans toutefois avoir le droit de vote. Ce dernier est compos\u00e9 d\u2019une vingtaine de d\u00e9l\u00e9gu\u00e9s qui repr\u00e9sentent les principaux organismes gouvernementaux et les associations de l\u2019industrie cin\u00e9matographique nationale. Ce jury est responsable de choisir le film qui repr\u00e9sentera le Canada aupr\u00e8s de l\u2019Academy\u202fof Motion Picture Arts and Sciences, qui n\u2019accepte qu\u2019un seul film par pays pour la cat\u00e9gorie du Meilleur film international. Le film soumis doit avoir \u00e9t\u00e9 produit \u00e0 l\u2019ext\u00e9rieur des \u00c9tats-Unis dans une autre langue que l\u2019anglais\u202fet avoir \u00e9t\u00e9 \u00e0 l\u2019affiche pendant sept jours cons\u00e9cutifs entre le 1er\u202fjanvier\u202f2022\u202fet le 30\u202fnovembre 2022. Une courte liste de 15 films choisis parmi l\u2019ensemble des films re\u00e7us sera r\u00e9v\u00e9l\u00e9e le\u202f21 d\u00e9cembre 2022.\u202fParmi ceux-ci, cinq titres seront officiellement mis en nomination le\u202f24 janvier 2023.\u202f\u202f<\/span><span data-ccp-props=\"{&quot;201341983&quot;:0,&quot;335559739&quot;:300,&quot;335559740&quot;:240}\">&nbsp;<\/span><\/p>\n<p><a href=\"https:\/\/www.oscars.org\/oscars\/rules-eligibility\"><b><span data-contrast=\"none\">Plus d\u2019information sur les r\u00e8glements de l\u2019Academy\u202fof Motion Picture Arts and Sciences<\/span><\/b><\/a><b><span data-contrast=\"none\">\u202f<\/span><\/b><span data-ccp-props=\"{&quot;201341983&quot;:0,&quot;335559739&quot;:300,&quot;335559740&quot;:240}\">&nbsp;<\/span><\/p>\n<p><b><span data-contrast=\"none\">\u00c0 propos de T\u00e9l\u00e9film Canada<\/span><\/b><span data-ccp-props=\"{&quot;134233117&quot;:false,&quot;134233118&quot;:false,&quot;201341983&quot;:0,&quot;335559738&quot;:0,&quot;335559739&quot;:300,&quot;335559740&quot;:240}\">&nbsp;<\/span><\/p>\n<p><span data-contrast=\"none\">En tant que\u202f<\/span><i><span data-contrast=\"none\">Partenaire de choix, T\u00e9l\u00e9film Canada<\/span><\/i><span data-contrast=\"none\">\u202fest une soci\u00e9t\u00e9 d\u2019\u00c9tat vou\u00e9e \u00e0 la r\u00e9ussite de l\u2019industrie audiovisuelle canadienne, qui favorise l\u2019acc\u00e8s et l\u2019excellence en offrant des programmes qui appuient la r\u00e9sonance culturelle et l\u2019engagement du public. T\u00e9l\u00e9film soutient les entreprises dynamiques et les talents cr\u00e9atifs au pays et dans le monde, en consid\u00e9rant toujours ses objectifs d\u2019\u00e9quit\u00e9, d\u2019inclusion et de durabilit\u00e9. De plus, elle formule des recommandations aupr\u00e8s du minist\u00e8re du Patrimoine canadien concernant la certification des coproductions audiovisuelles r\u00e9gies par des trait\u00e9s, et elle administre les programmes du Fonds des m\u00e9dias du Canada. Lanc\u00e9 en 2012, le Fonds des talents accepte des dons priv\u00e9s qui servent principalement \u00e0 soutenir les talents \u00e9mergents. Visitez\u202f<\/span><a href=\"https:\/\/telefilm.ca\/fr\/\"><b><span data-contrast=\"none\">telefilm.ca<\/span><\/b><\/a><span data-contrast=\"none\">\u202fet suivez-nous sur\u202f<\/span><a href=\"http:\/\/twitter.com\/telefilm_canada\"><b><span data-contrast=\"none\">Twitter<\/span><\/b><\/a><span data-contrast=\"none\">\u202fet\u202f<\/span><a href=\"http:\/\/facebook.com\/telefilmcanada\"><b><span data-contrast=\"none\">Facebook<\/span><\/b><\/a><span data-contrast=\"none\">.<\/span><span data-ccp-props=\"{&quot;134233117&quot;:false,&quot;134233118&quot;:false,&quot;201341983&quot;:0,&quot;335559738&quot;:0,&quot;335559739&quot;:300,&quot;335559740&quot;:240}\">&nbsp;<\/span><\/p>\n<p><span data-contrast=\"none\">\u202f<\/span><span data-ccp-props=\"{&quot;201341983&quot;:0,&quot;335559739&quot;:300,&quot;335559740&quot;:240}\">&nbsp;<\/span><\/p>\n<p><span data-contrast=\"none\">\u201330\u2013\u202f<\/span><span data-ccp-props=\"{&quot;201341983&quot;:0,&quot;335551550&quot;:2,&quot;335551620&quot;:2,&quot;335559739&quot;:300,&quot;335559740&quot;:240}\">&nbsp;<\/span><\/p>\n<p><b><span data-contrast=\"none\">PERSONNE RESSOURCE POUR LES M\u00c9DIAS<\/span><\/b><span data-ccp-props=\"{&quot;201341983&quot;:0,&quot;335559738&quot;:300,&quot;335559739&quot;:300,&quot;335559740&quot;:240}\">&nbsp;<\/span><\/p>\n<p><span data-contrast=\"none\">Andr\u00e9ane Leblanc<\/span><br>\n<span data-contrast=\"none\">Conseill\u00e8re, relations publiques \u2013 march\u00e9 francophone<\/span><br>\n<span data-contrast=\"none\">T\u00e9l\u00e9film Canada<\/span><br>\n<span data-contrast=\"none\">438 469-1204<\/span><br>\n<a href=\"mailto:andreane.leblanc@telefilm.ca\"><b><span data-contrast=\"none\">andreane.leblanc@telefilm.ca<\/span><\/b><\/a><span data-ccp-props=\"{&quot;201341983&quot;:0,&quot;335559739&quot;:300,&quot;335559740&quot;:240}\">&nbsp;<\/span><\/p>\n<p><span data-ccp-props=\"{&quot;201341983&quot;:0,&quot;335559739&quot;:160,&quot;335559740&quot;:259}\">&nbsp;<\/span><\/p>\n<p><strong>Relations de presse du film\u202f:&nbsp;<\/strong><span data-ccp-props=\"{&quot;201341983&quot;:0,&quot;335559739&quot;:160,&quot;335559740&quot;:259}\"><strong>&nbsp;<\/strong><\/span><\/p>\n<p><span data-contrast=\"none\">Judith Cheung<\/span><br>\n<span data-contrast=\"none\">Lofty Sky Entertainment<\/span><br>\n<span data-contrast=\"none\">647-223-0189<\/span><br>\n<span data-contrast=\"none\">Judithc@loftysky.com&nbsp;<\/span><span data-ccp-props=\"{&quot;201341983&quot;:0,&quot;335559739&quot;:160,&quot;335559740&quot;:259}\">&nbsp;<\/span><\/p><\/p>\n<\/div>","protected":false},"excerpt":{"rendered":"<p>Printemps \u00e9ternel (\u9577\u6625) du r\u00e9alisateur, sc\u00e9nariste et producteur Jason Loftus aux c\u00f4t\u00e9s des sc\u00e9naristes Masha Loftus et les fr\u00e8res Pearman ainsi que les producteurs Masha Loftus, Yvan Pinard et Kevin Koo, repr\u00e9sentera\u202fle Canada dans le cadre du processus de nomination pour le\u202fMeilleur film international de la 95e\u202fc\u00e9r\u00e9monie des Oscars, qui se d\u00e9roulera le 12 mars\u202f2023.\u202fLe [&hellip;]<\/p>\n","protected":false},"author":1,"featured_media":120605,"comment_status":"closed","ping_status":"closed","sticky":false,"template":"","format":"standard","meta":{"_acf_changed":false,"footnotes":""},"categories":[2],"tags":[],"class_list":["post-120603","post","type-post","status-publish","format-standard","has-post-thumbnail","hentry","category-communiques-de-presse"],"acf":{"liens":null},"yoast_head":"<!-- This site is optimized with the Yoast SEO plugin v28.3 - https:\/\/yoast.com\/product\/yoast-seo-wordpress\/ -->\n<title>Printemps \u00e9ternel (\u9577\u6625) repr\u00e9sentera le Canada dans la course pour l\u2019Oscar du Meilleur film international 2023 | T\u00e9l\u00e9film Canada<\/title>\n<meta name=\"robots\" content=\"index, follow, max-snippet:-1, max-image-preview:large, max-video-preview:-1\" \/>\n<link rel=\"canonical\" href=\"https:\/\/telefilm.ca\/fr\/printemps-eternel-%e9%95%b7%e6%98%a5-representera-le-canada-dans-la-course-pour-loscar-du-meilleur-film-international-2023\" \/>\n<meta property=\"og:locale\" content=\"fr_CA\" \/>\n<meta property=\"og:type\" content=\"article\" \/>\n<meta property=\"og:title\" content=\"Printemps \u00e9ternel (\u9577\u6625) repr\u00e9sentera le Canada dans la course pour l\u2019Oscar du Meilleur film international 2023 | T\u00e9l\u00e9film Canada\" \/>\n<meta property=\"og:description\" content=\"Printemps \u00e9ternel (\u9577\u6625) du r\u00e9alisateur, sc\u00e9nariste et producteur Jason Loftus aux c\u00f4t\u00e9s des sc\u00e9naristes Masha Loftus et les fr\u00e8res Pearman ainsi que les producteurs Masha Loftus, Yvan Pinard et Kevin Koo, repr\u00e9sentera\u202fle Canada dans le cadre du processus de nomination pour le\u202fMeilleur film international de la 95e\u202fc\u00e9r\u00e9monie des Oscars, qui se d\u00e9roulera le 12 mars\u202f2023.\u202fLe [&hellip;]\" \/>\n<meta property=\"og:url\" content=\"https:\/\/telefilm.ca\/fr\/printemps-eternel-%e9%95%b7%e6%98%a5-representera-le-canada-dans-la-course-pour-loscar-du-meilleur-film-international-2023\" \/>\n<meta property=\"og:site_name\" content=\"T\u00e9l\u00e9film Canada\" \/>\n<meta property=\"article:publisher\" content=\"https:\/\/www.facebook.com\/TelefilmCanada\/\" \/>\n<meta property=\"article:published_time\" content=\"2022-08-24T15:32:20+00:00\" \/>\n<meta property=\"article:modified_time\" content=\"2026-06-15T19:14:20+00:00\" \/>\n<meta property=\"og:image\" content=\"https:\/\/telefilm.ca\/wp-content\/uploads\/2022\/08\/eternal-spring-featured-image.png\" \/>\n\t<meta property=\"og:image:width\" content=\"1200\" \/>\n\t<meta property=\"og:image:height\" content=\"630\" \/>\n\t<meta property=\"og:image:type\" content=\"image\/png\" \/>\n<meta name=\"author\" content=\"activis\" \/>\n<meta name=\"twitter:card\" content=\"summary_large_image\" \/>\n<meta name=\"twitter:creator\" content=\"@Telefilm_Canada\" \/>\n<meta name=\"twitter:site\" content=\"@Telefilm_Canada\" \/>\n<meta name=\"twitter:label1\" content=\"\u00c9crit par\" \/>\n\t<meta name=\"twitter:data1\" content=\"activis\" \/>\n\t<meta name=\"twitter:label2\" content=\"Estimation du temps de lecture\" \/>\n\t<meta name=\"twitter:data2\" content=\"6 minutes\" \/>\n<script type=\"application\/ld+json\" class=\"yoast-schema-graph\">{\"@context\":\"https:\\\/\\\/schema.org\",\"@graph\":[{\"@type\":\"Article\",\"@id\":\"https:\\\/\\\/telefilm.ca\\\/fr\\\/printemps-eternel-%e9%95%b7%e6%98%a5-representera-le-canada-dans-la-course-pour-loscar-du-meilleur-film-international-2023#article\",\"isPartOf\":{\"@id\":\"https:\\\/\\\/telefilm.ca\\\/fr\\\/printemps-eternel-%e9%95%b7%e6%98%a5-representera-le-canada-dans-la-course-pour-loscar-du-meilleur-film-international-2023\"},\"author\":{\"name\":\"activis\",\"@id\":\"https:\\\/\\\/telefilm.ca\\\/fr#\\\/schema\\\/person\\\/7ae4b57998164e67f9a6b3f8fc95af0f\"},\"headline\":\"Printemps \u00e9ternel (\u9577\u6625) repr\u00e9sentera le Canada dans la course pour l\u2019Oscar du Meilleur film international 2023\",\"datePublished\":\"2022-08-24T15:32:20+00:00\",\"dateModified\":\"2026-06-15T19:14:20+00:00\",\"mainEntityOfPage\":{\"@id\":\"https:\\\/\\\/telefilm.ca\\\/fr\\\/printemps-eternel-%e9%95%b7%e6%98%a5-representera-le-canada-dans-la-course-pour-loscar-du-meilleur-film-international-2023\"},\"wordCount\":1169,\"publisher\":{\"@id\":\"https:\\\/\\\/telefilm.ca\\\/fr#organization\"},\"image\":{\"@id\":\"https:\\\/\\\/telefilm.ca\\\/fr\\\/printemps-eternel-%e9%95%b7%e6%98%a5-representera-le-canada-dans-la-course-pour-loscar-du-meilleur-film-international-2023#primaryimage\"},\"thumbnailUrl\":\"https:\\\/\\\/telefilm.ca\\\/wp-content\\\/uploads\\\/2022\\\/08\\\/eternal-spring-featured-image.png\",\"articleSection\":[\"Communiqu\u00e9s de presse\"],\"inLanguage\":\"fr-CA\"},{\"@type\":\"WebPage\",\"@id\":\"https:\\\/\\\/telefilm.ca\\\/fr\\\/printemps-eternel-%e9%95%b7%e6%98%a5-representera-le-canada-dans-la-course-pour-loscar-du-meilleur-film-international-2023\",\"url\":\"https:\\\/\\\/telefilm.ca\\\/fr\\\/printemps-eternel-%e9%95%b7%e6%98%a5-representera-le-canada-dans-la-course-pour-loscar-du-meilleur-film-international-2023\",\"name\":\"Printemps \u00e9ternel (\u9577\u6625) repr\u00e9sentera le Canada dans la course pour l\u2019Oscar du Meilleur film international 2023 | T\u00e9l\u00e9film Canada\",\"isPartOf\":{\"@id\":\"https:\\\/\\\/telefilm.ca\\\/fr#website\"},\"primaryImageOfPage\":{\"@id\":\"https:\\\/\\\/telefilm.ca\\\/fr\\\/printemps-eternel-%e9%95%b7%e6%98%a5-representera-le-canada-dans-la-course-pour-loscar-du-meilleur-film-international-2023#primaryimage\"},\"image\":{\"@id\":\"https:\\\/\\\/telefilm.ca\\\/fr\\\/printemps-eternel-%e9%95%b7%e6%98%a5-representera-le-canada-dans-la-course-pour-loscar-du-meilleur-film-international-2023#primaryimage\"},\"thumbnailUrl\":\"https:\\\/\\\/telefilm.ca\\\/wp-content\\\/uploads\\\/2022\\\/08\\\/eternal-spring-featured-image.png\",\"datePublished\":\"2022-08-24T15:32:20+00:00\",\"dateModified\":\"2026-06-15T19:14:20+00:00\",\"breadcrumb\":{\"@id\":\"https:\\\/\\\/telefilm.ca\\\/fr\\\/printemps-eternel-%e9%95%b7%e6%98%a5-representera-le-canada-dans-la-course-pour-loscar-du-meilleur-film-international-2023#breadcrumb\"},\"inLanguage\":\"fr-CA\",\"potentialAction\":[{\"@type\":\"ReadAction\",\"target\":[\"https:\\\/\\\/telefilm.ca\\\/fr\\\/printemps-eternel-%e9%95%b7%e6%98%a5-representera-le-canada-dans-la-course-pour-loscar-du-meilleur-film-international-2023\"]}]},{\"@type\":\"ImageObject\",\"inLanguage\":\"fr-CA\",\"@id\":\"https:\\\/\\\/telefilm.ca\\\/fr\\\/printemps-eternel-%e9%95%b7%e6%98%a5-representera-le-canada-dans-la-course-pour-loscar-du-meilleur-film-international-2023#primaryimage\",\"url\":\"https:\\\/\\\/telefilm.ca\\\/wp-content\\\/uploads\\\/2022\\\/08\\\/eternal-spring-featured-image.png\",\"contentUrl\":\"https:\\\/\\\/telefilm.ca\\\/wp-content\\\/uploads\\\/2022\\\/08\\\/eternal-spring-featured-image.png\",\"width\":1200,\"height\":630},{\"@type\":\"BreadcrumbList\",\"@id\":\"https:\\\/\\\/telefilm.ca\\\/fr\\\/printemps-eternel-%e9%95%b7%e6%98%a5-representera-le-canada-dans-la-course-pour-loscar-du-meilleur-film-international-2023#breadcrumb\",\"itemListElement\":[{\"@type\":\"ListItem\",\"position\":1,\"name\":\"Accueil\",\"item\":\"https:\\\/\\\/telefilm.ca\\\/fr\"},{\"@type\":\"ListItem\",\"position\":2,\"name\":\"Communiqu\u00e9s de presse\",\"item\":\"https:\\\/\\\/telefilm.ca\\\/fr\\\/communiques-de-presse\"},{\"@type\":\"ListItem\",\"position\":3,\"name\":\"Printemps \u00e9ternel (\u9577\u6625) repr\u00e9sentera le Canada dans la course pour l\u2019Oscar du Meilleur film international 2023\"}]},{\"@type\":\"WebSite\",\"@id\":\"https:\\\/\\\/telefilm.ca\\\/fr#website\",\"url\":\"https:\\\/\\\/telefilm.ca\\\/fr\",\"name\":\"T\u00e9l\u00e9film Canada\",\"description\":\"Partenaire de choix\",\"publisher\":{\"@id\":\"https:\\\/\\\/telefilm.ca\\\/fr#organization\"},\"potentialAction\":[{\"@type\":\"SearchAction\",\"target\":{\"@type\":\"EntryPoint\",\"urlTemplate\":\"https:\\\/\\\/telefilm.ca\\\/fr?s={search_term_string}\"},\"query-input\":{\"@type\":\"PropertyValueSpecification\",\"valueRequired\":true,\"valueName\":\"search_term_string\"}}],\"inLanguage\":\"fr-CA\"},{\"@type\":\"Organization\",\"@id\":\"https:\\\/\\\/telefilm.ca\\\/fr#organization\",\"name\":\"Telefilm Canada\",\"url\":\"https:\\\/\\\/telefilm.ca\\\/fr\",\"logo\":{\"@type\":\"ImageObject\",\"inLanguage\":\"fr-CA\",\"@id\":\"https:\\\/\\\/telefilm.ca\\\/fr#\\\/schema\\\/logo\\\/image\\\/\",\"url\":\"https:\\\/\\\/telefilm.ca\\\/wp-content\\\/uploads\\\/2026\\\/05\\\/cropped-tfc_favicon_512.png\",\"contentUrl\":\"https:\\\/\\\/telefilm.ca\\\/wp-content\\\/uploads\\\/2026\\\/05\\\/cropped-tfc_favicon_512.png\",\"width\":512,\"height\":512,\"caption\":\"Telefilm Canada\"},\"image\":{\"@id\":\"https:\\\/\\\/telefilm.ca\\\/fr#\\\/schema\\\/logo\\\/image\\\/\"},\"sameAs\":[\"https:\\\/\\\/www.facebook.com\\\/TelefilmCanada\\\/\",\"https:\\\/\\\/x.com\\\/Telefilm_Canada\",\"https:\\\/\\\/www.instagram.com\\\/telefilm_canada\\\/\",\"https:\\\/\\\/www.linkedin.com\\\/company\\\/telefilm-canada\\\/\",\"https:\\\/\\\/www.youtube.com\\\/user\\\/telefilmcanada\"]},{\"@type\":\"Person\",\"@id\":\"https:\\\/\\\/telefilm.ca\\\/fr#\\\/schema\\\/person\\\/7ae4b57998164e67f9a6b3f8fc95af0f\",\"name\":\"activis\",\"image\":{\"@type\":\"ImageObject\",\"inLanguage\":\"fr-CA\",\"@id\":\"https:\\\/\\\/secure.gravatar.com\\\/avatar\\\/fdbf879f592e252f73dc1a59f25a0093f5d64089cf1613216edd9805faf016d5?s=96&d=mm&r=g\",\"url\":\"https:\\\/\\\/secure.gravatar.com\\\/avatar\\\/fdbf879f592e252f73dc1a59f25a0093f5d64089cf1613216edd9805faf016d5?s=96&d=mm&r=g\",\"contentUrl\":\"https:\\\/\\\/secure.gravatar.com\\\/avatar\\\/fdbf879f592e252f73dc1a59f25a0093f5d64089cf1613216edd9805faf016d5?s=96&d=mm&r=g\",\"caption\":\"activis\"},\"sameAs\":[\"https:\\\/\\\/telefilm.ca\"],\"url\":\"https:\\\/\\\/telefilm.ca\\\/fr\\\/author\\\/activis\"}]}<\/script>\n<!-- \/ Yoast SEO plugin. -->","yoast_head_json":{"title":"Printemps \u00e9ternel (\u9577\u6625) repr\u00e9sentera le Canada dans la course pour l\u2019Oscar du Meilleur film international 2023 | T\u00e9l\u00e9film Canada","robots":{"index":"index","follow":"follow","max-snippet":"max-snippet:-1","max-image-preview":"max-image-preview:large","max-video-preview":"max-video-preview:-1"},"canonical":"https:\/\/telefilm.ca\/fr\/printemps-eternel-%e9%95%b7%e6%98%a5-representera-le-canada-dans-la-course-pour-loscar-du-meilleur-film-international-2023","og_locale":"fr_CA","og_type":"article","og_title":"Printemps \u00e9ternel (\u9577\u6625) repr\u00e9sentera le Canada dans la course pour l\u2019Oscar du Meilleur film international 2023 | T\u00e9l\u00e9film Canada","og_description":"Printemps \u00e9ternel (\u9577\u6625) du r\u00e9alisateur, sc\u00e9nariste et producteur Jason Loftus aux c\u00f4t\u00e9s des sc\u00e9naristes Masha Loftus et les fr\u00e8res Pearman ainsi que les producteurs Masha Loftus, Yvan Pinard et Kevin Koo, repr\u00e9sentera\u202fle Canada dans le cadre du processus de nomination pour le\u202fMeilleur film international de la 95e\u202fc\u00e9r\u00e9monie des Oscars, qui se d\u00e9roulera le 12 mars\u202f2023.\u202fLe [&hellip;]","og_url":"https:\/\/telefilm.ca\/fr\/printemps-eternel-%e9%95%b7%e6%98%a5-representera-le-canada-dans-la-course-pour-loscar-du-meilleur-film-international-2023","og_site_name":"T\u00e9l\u00e9film Canada","article_publisher":"https:\/\/www.facebook.com\/TelefilmCanada\/","article_published_time":"2022-08-24T15:32:20+00:00","article_modified_time":"2026-06-15T19:14:20+00:00","og_image":[{"width":1200,"height":630,"url":"https:\/\/telefilm.ca\/wp-content\/uploads\/2022\/08\/eternal-spring-featured-image.png","type":"image\/png"}],"author":"activis","twitter_card":"summary_large_image","twitter_creator":"@Telefilm_Canada","twitter_site":"@Telefilm_Canada","twitter_misc":{"\u00c9crit par":"activis","Estimation du temps de lecture":"6 minutes"},"schema":{"@context":"https:\/\/schema.org","@graph":[{"@type":"Article","@id":"https:\/\/telefilm.ca\/fr\/printemps-eternel-%e9%95%b7%e6%98%a5-representera-le-canada-dans-la-course-pour-loscar-du-meilleur-film-international-2023#article","isPartOf":{"@id":"https:\/\/telefilm.ca\/fr\/printemps-eternel-%e9%95%b7%e6%98%a5-representera-le-canada-dans-la-course-pour-loscar-du-meilleur-film-international-2023"},"author":{"name":"activis","@id":"https:\/\/telefilm.ca\/fr#\/schema\/person\/7ae4b57998164e67f9a6b3f8fc95af0f"},"headline":"Printemps \u00e9ternel (\u9577\u6625) repr\u00e9sentera le Canada dans la course pour l\u2019Oscar du Meilleur film international 2023","datePublished":"2022-08-24T15:32:20+00:00","dateModified":"2026-06-15T19:14:20+00:00","mainEntityOfPage":{"@id":"https:\/\/telefilm.ca\/fr\/printemps-eternel-%e9%95%b7%e6%98%a5-representera-le-canada-dans-la-course-pour-loscar-du-meilleur-film-international-2023"},"wordCount":1169,"publisher":{"@id":"https:\/\/telefilm.ca\/fr#organization"},"image":{"@id":"https:\/\/telefilm.ca\/fr\/printemps-eternel-%e9%95%b7%e6%98%a5-representera-le-canada-dans-la-course-pour-loscar-du-meilleur-film-international-2023#primaryimage"},"thumbnailUrl":"https:\/\/telefilm.ca\/wp-content\/uploads\/2022\/08\/eternal-spring-featured-image.png","articleSection":["Communiqu\u00e9s de presse"],"inLanguage":"fr-CA"},{"@type":"WebPage","@id":"https:\/\/telefilm.ca\/fr\/printemps-eternel-%e9%95%b7%e6%98%a5-representera-le-canada-dans-la-course-pour-loscar-du-meilleur-film-international-2023","url":"https:\/\/telefilm.ca\/fr\/printemps-eternel-%e9%95%b7%e6%98%a5-representera-le-canada-dans-la-course-pour-loscar-du-meilleur-film-international-2023","name":"Printemps \u00e9ternel (\u9577\u6625) repr\u00e9sentera le Canada dans la course pour l\u2019Oscar du Meilleur film international 2023 | T\u00e9l\u00e9film Canada","isPartOf":{"@id":"https:\/\/telefilm.ca\/fr#website"},"primaryImageOfPage":{"@id":"https:\/\/telefilm.ca\/fr\/printemps-eternel-%e9%95%b7%e6%98%a5-representera-le-canada-dans-la-course-pour-loscar-du-meilleur-film-international-2023#primaryimage"},"image":{"@id":"https:\/\/telefilm.ca\/fr\/printemps-eternel-%e9%95%b7%e6%98%a5-representera-le-canada-dans-la-course-pour-loscar-du-meilleur-film-international-2023#primaryimage"},"thumbnailUrl":"https:\/\/telefilm.ca\/wp-content\/uploads\/2022\/08\/eternal-spring-featured-image.png","datePublished":"2022-08-24T15:32:20+00:00","dateModified":"2026-06-15T19:14:20+00:00","breadcrumb":{"@id":"https:\/\/telefilm.ca\/fr\/printemps-eternel-%e9%95%b7%e6%98%a5-representera-le-canada-dans-la-course-pour-loscar-du-meilleur-film-international-2023#breadcrumb"},"inLanguage":"fr-CA","potentialAction":[{"@type":"ReadAction","target":["https:\/\/telefilm.ca\/fr\/printemps-eternel-%e9%95%b7%e6%98%a5-representera-le-canada-dans-la-course-pour-loscar-du-meilleur-film-international-2023"]}]},{"@type":"ImageObject","inLanguage":"fr-CA","@id":"https:\/\/telefilm.ca\/fr\/printemps-eternel-%e9%95%b7%e6%98%a5-representera-le-canada-dans-la-course-pour-loscar-du-meilleur-film-international-2023#primaryimage","url":"https:\/\/telefilm.ca\/wp-content\/uploads\/2022\/08\/eternal-spring-featured-image.png","contentUrl":"https:\/\/telefilm.ca\/wp-content\/uploads\/2022\/08\/eternal-spring-featured-image.png","width":1200,"height":630},{"@type":"BreadcrumbList","@id":"https:\/\/telefilm.ca\/fr\/printemps-eternel-%e9%95%b7%e6%98%a5-representera-le-canada-dans-la-course-pour-loscar-du-meilleur-film-international-2023#breadcrumb","itemListElement":[{"@type":"ListItem","position":1,"name":"Accueil","item":"https:\/\/telefilm.ca\/fr"},{"@type":"ListItem","position":2,"name":"Communiqu\u00e9s de presse","item":"https:\/\/telefilm.ca\/fr\/communiques-de-presse"},{"@type":"ListItem","position":3,"name":"Printemps \u00e9ternel (\u9577\u6625) repr\u00e9sentera le Canada dans la course pour l\u2019Oscar du Meilleur film international 2023"}]},{"@type":"WebSite","@id":"https:\/\/telefilm.ca\/fr#website","url":"https:\/\/telefilm.ca\/fr","name":"T\u00e9l\u00e9film Canada","description":"Partenaire de choix","publisher":{"@id":"https:\/\/telefilm.ca\/fr#organization"},"potentialAction":[{"@type":"SearchAction","target":{"@type":"EntryPoint","urlTemplate":"https:\/\/telefilm.ca\/fr?s={search_term_string}"},"query-input":{"@type":"PropertyValueSpecification","valueRequired":true,"valueName":"search_term_string"}}],"inLanguage":"fr-CA"},{"@type":"Organization","@id":"https:\/\/telefilm.ca\/fr#organization","name":"Telefilm Canada","url":"https:\/\/telefilm.ca\/fr","logo":{"@type":"ImageObject","inLanguage":"fr-CA","@id":"https:\/\/telefilm.ca\/fr#\/schema\/logo\/image\/","url":"https:\/\/telefilm.ca\/wp-content\/uploads\/2026\/05\/cropped-tfc_favicon_512.png","contentUrl":"https:\/\/telefilm.ca\/wp-content\/uploads\/2026\/05\/cropped-tfc_favicon_512.png","width":512,"height":512,"caption":"Telefilm Canada"},"image":{"@id":"https:\/\/telefilm.ca\/fr#\/schema\/logo\/image\/"},"sameAs":["https:\/\/www.facebook.com\/TelefilmCanada\/","https:\/\/x.com\/Telefilm_Canada","https:\/\/www.instagram.com\/telefilm_canada\/","https:\/\/www.linkedin.com\/company\/telefilm-canada\/","https:\/\/www.youtube.com\/user\/telefilmcanada"]},{"@type":"Person","@id":"https:\/\/telefilm.ca\/fr#\/schema\/person\/7ae4b57998164e67f9a6b3f8fc95af0f","name":"activis","image":{"@type":"ImageObject","inLanguage":"fr-CA","@id":"https:\/\/secure.gravatar.com\/avatar\/fdbf879f592e252f73dc1a59f25a0093f5d64089cf1613216edd9805faf016d5?s=96&d=mm&r=g","url":"https:\/\/secure.gravatar.com\/avatar\/fdbf879f592e252f73dc1a59f25a0093f5d64089cf1613216edd9805faf016d5?s=96&d=mm&r=g","contentUrl":"https:\/\/secure.gravatar.com\/avatar\/fdbf879f592e252f73dc1a59f25a0093f5d64089cf1613216edd9805faf016d5?s=96&d=mm&r=g","caption":"activis"},"sameAs":["https:\/\/telefilm.ca"],"url":"https:\/\/telefilm.ca\/fr\/author\/activis"}]}},"wpml_current_locale":"fr_CA","wpml_translations":[{"locale":"en_CA","id":120600,"post_title":"Eternal Spring (\u9577\u6625) represents Canada in the race for Best International Feature Film at the 2023 Oscars","href":"https:\/\/telefilm.ca\/en\/eternal-spring-%e9%95%b7%e6%98%a5-represents-canada-in-the-race-for-best-international-feature-film-at-the-2023-oscars\/"}],"_links":{"self":[{"href":"https:\/\/telefilm.ca\/fr\/wp-json\/wp\/v2\/posts\/120603","targetHints":{"allow":["GET"]}}],"collection":[{"href":"https:\/\/telefilm.ca\/fr\/wp-json\/wp\/v2\/posts"}],"about":[{"href":"https:\/\/telefilm.ca\/fr\/wp-json\/wp\/v2\/types\/post"}],"author":[{"embeddable":true,"href":"https:\/\/telefilm.ca\/fr\/wp-json\/wp\/v2\/users\/1"}],"replies":[{"embeddable":true,"href":"https:\/\/telefilm.ca\/fr\/wp-json\/wp\/v2\/comments?post=120603"}],"version-history":[{"count":1,"href":"https:\/\/telefilm.ca\/fr\/wp-json\/wp\/v2\/posts\/120603\/revisions"}],"predecessor-version":[{"id":189911,"href":"https:\/\/telefilm.ca\/fr\/wp-json\/wp\/v2\/posts\/120603\/revisions\/189911"}],"wp:featuredmedia":[{"embeddable":true,"href":"https:\/\/telefilm.ca\/fr\/wp-json\/wp\/v2\/media\/120605"}],"wp:attachment":[{"href":"https:\/\/telefilm.ca\/fr\/wp-json\/wp\/v2\/media?parent=120603"}],"wp:term":[{"taxonomy":"category","embeddable":true,"href":"https:\/\/telefilm.ca\/fr\/wp-json\/wp\/v2\/categories?post=120603"},{"taxonomy":"post_tag","embeddable":true,"href":"https:\/\/telefilm.ca\/fr\/wp-json\/wp\/v2\/tags?post=120603"}],"curies":[{"name":"wp","href":"https:\/\/api.w.org\/{rel}","templated":true}]}}