{"id":127540,"date":"2022-10-20T13:30:00","date_gmt":"2022-10-20T17:30:00","guid":{"rendered":"https:\/\/telefilm.ca\/?p=127540"},"modified":"2026-06-15T15:14:29","modified_gmt":"2026-06-15T19:14:29","slug":"telefilm-canada-devient-partenaire-du-arctic-indigenous-film-fund","status":"publish","type":"post","link":"https:\/\/telefilm.ca\/fr\/telefilm-canada-devient-partenaire-du-arctic-indigenous-film-fund","title":{"rendered":"T\u00e9l\u00e9film Canada devient partenaire du Arctic Indigenous Film Fund\u00a0"},"content":{"rendered":"<div class=\"editor-content\">\n<p class=\"wp-block-paragraph\">T\u00e9l\u00e9film Canada a le plaisir d\u2019annoncer un partenariat avec l\u2019<a href=\"https:\/\/aiff.no\/\" target=\"_blank\" rel=\"noreferrer noopener\"><strong>Arctic Indigenous Film Fund<\/strong> <\/a>(AIFF), afin de soutenir les productions audiovisuelles autochtones et d\u2019accro\u00eetre les opportunit\u00e9s de formation et de mentorat offertes aux cr\u00e9ateurs et cr\u00e9atrices autochtones dans les r\u00e9gions de l\u2019Arctique, incluant le Canada.&nbsp;<\/p>\n\n\n\n<p class=\"wp-block-paragraph\">\u00ab\u202fT\u00e9l\u00e9film s\u2019est engag\u00e9e \u00e0 amplifier les voix des cr\u00e9ateurs et cr\u00e9atrices autochtones et \u00e0 les appuyer dans la r\u00e9alisation de leurs \u0153uvres sur les incidences des changements climatiques sur le monde naturel. Ce nouveau partenariat circumpolaire avec l\u2019AIFF jouera un r\u00f4le capital \u00e0 cet effet\u202f\u00bb, a d\u00e9clar\u00e9 <strong>Francesca Accinelli, <\/strong>directrice g\u00e9n\u00e9rale et cheffe de la direction par int\u00e9rim, T\u00e9l\u00e9film Canada. \u00ab\u202fNotre industrie de l\u2019\u00e9cran doit avoir davantage acc\u00e8s \u00e0 de la recherche pertinente et de pointe sur la durabilit\u00e9, ainsi qu\u2019\u00e0 des programmes de formation et de mentorat plus pouss\u00e9s, ce que permettra cette collaboration. De concert avec l\u2019AIFF, T\u00e9l\u00e9film investit dans l\u2019avenir de l\u2019industrie, une industrie plus \u00e9quitable, durable et responsable.\u202f\u00bb&nbsp;<\/p>\n\n\n\n<p class=\"wp-block-paragraph\">\u00ab\u202fL&#8217;investissement de T\u00e9l\u00e9film dans l&#8217;AIFF arrive \u00e0 un moment o\u00f9 l&#8217;humanit\u00e9 fait face \u00e0 certains des plus grands d\u00e9fis de son histoire\u202f\u00bb, affirme <strong>Anne Lajla Utsi<\/strong>, directrice g\u00e9n\u00e9rale, International S\u00e1mi Film Institute. \u00ab Nous devons tous agir pour changer le cours des choses. Pour nous reconnecter avec la nature, et lutter contre le changement climatique, la perte des terres et du mode de vie des autochtones. L&#8217;Arctique est la patrie de nombreux peuples autochtones, et nous sommes profond\u00e9ment li\u00e9s \u00e0 notre terre et \u00e0 nos cultures. Le partenariat avec T\u00e9l\u00e9film est crucial et signifie que l&#8217;AIFF peut commencer \u00e0 soutenir les cin\u00e9astes autochtones et les formations des talents dans l&#8217;Arctique circumpolaire.\u202f\u00bb&nbsp;<\/p>\n\n\n\n<p class=\"wp-block-paragraph\">L&#8217;annonce d&#8217;aujourd&#8217;hui fait suite \u00e0 une c\u00e9r\u00e9monie de signature \u00e0 Toronto \u00e0 laquelle ont particip\u00e9 des repr\u00e9sentants du Arctic Indigenous Film Fund, du Fonds des m\u00e9dias du Canada, de Patrimoine canadien, du festival imagineNATIVE Film + Media Arts, du Bureau de l\u2019\u00e9cran autochtone, d\u2019Inuit Art Foundation, de l\u2019International S\u00e1mi Film Institute et de Nunavut Film Development Corporation.&nbsp;&nbsp;<\/p>\n\n\n\n<p class=\"wp-block-paragraph\">Ce partenariat s&#8217;aligne \u00e9galement sur la priorit\u00e9 d&#8217;entreprise de T\u00e9l\u00e9film d&#8217;accro\u00eetre les possibilit\u00e9s de synergie avec les sources de financement nouvelles et existantes afin de diversifier les contributions financi\u00e8res de l&#8217;industrie.&nbsp;<\/p>\n\n\n\n<p class=\"wp-block-paragraph\"><strong>Arctic Indigenous Film Fund (AIFF)<\/strong>&nbsp;<\/p>\n\n\n\n<p class=\"wp-block-paragraph\">Arctic Indigenous Film Fund est une collaboration internationale instaur\u00e9e en 2018 par ses partenaires mondiaux, l\u2019International Sami Film Institute, Nunavut Film Development Corporation, Greenland Film Makers, Archy, Russia\u202fet le Fonds des m\u00e9dias du Canada.&nbsp;<\/p>\n\n\n\n<p class=\"wp-block-paragraph\">L&#8217;objectif g\u00e9n\u00e9ral de l&#8217;AIFF est de soutenir les productions et coproductions cin\u00e9matographiques et t\u00e9l\u00e9visuelles de haute qualit\u00e9 avec les peuples autochtones des r\u00e9gions arctiques et de cr\u00e9er de nouveaux mod\u00e8les de financement qui facilitent la production audiovisuelle par les peuples autochtones de l&#8217;Arctique. L&#8217;AIFF propose une plateforme o\u00f9 les r\u00e9alisateurs et r\u00e9alisatrices autochtones de l&#8217;Arctique peuvent collaborer. L&#8217;objectif est de mettre en valeur les communaut\u00e9s autochtones et de cr\u00e9er de nouvelles occasions d&#8217;affaires dans les r\u00e9gions arctiques \u00e9loign\u00e9es.&nbsp;<\/p>\n\n\n\n<p class=\"wp-block-paragraph\">L&#8217;AIFF veillera \u00e9galement \u00e0 donner aux jeunes autochtones de l&#8217;Arctique la possibilit\u00e9 de travailler dans le secteur des m\u00e9dias et du num\u00e9rique dans leurs propres communaut\u00e9s.&nbsp;&nbsp;<\/p>\n\n\n\n<p class=\"wp-block-paragraph\">La cr\u00e9ation d&#8217;un fonds pour les films autochtones de l&#8217;Arctique arrive \u00e0 un moment important, alors que l&#8217;Arctique est au centre de l&#8217;attention mondiale en raison des effets du changement climatique. L&#8217;int\u00e9r\u00eat accru de la communaut\u00e9 mondiale des affaires pour la r\u00e9gion circumpolaire exige que les voix des peuples autochtones de l&#8217;Arctique soient entendues. Le cin\u00e9ma autochtone repr\u00e9sente une c\u00e9l\u00e9bration de l&#8217;expression artistique autochtone, renforce les droits de ces peuples vivant dans l&#8217;Arctique et cr\u00e9e de nouvelles occasions d&#8217;affaires pour les producteurs du Nord.&nbsp;&nbsp;<\/p>\n\n\n\n<p class=\"wp-block-paragraph\">Les principales activit\u00e9s de l&#8217;Arctic Indigenous Film Fund sont de soutenir le d\u00e9veloppement et la production d\u2019\u0153uvres cin\u00e9matographiques et t\u00e9l\u00e9visuelles autochtones de haute qualit\u00e9, d&#8217;encourager et de cr\u00e9er de nouvelles plateformes pour les coproductions arctiques et d&#8217;aider \u00e0 produire des films et des s\u00e9ries t\u00e9l\u00e9vis\u00e9es culturellement pertinents. Le fonds permet \u00e9galement de cr\u00e9er un r\u00e9seau entre les institutions cin\u00e9matographiques, les entreprises, les producteurs.rices et les universit\u00e9s, renfor\u00e7ant ainsi les avantages commerciaux et concurrentiels, d&#8217;organiser l&#8217;enseignement du cin\u00e9ma et de la t\u00e9l\u00e9vision pour les jeunes talents autochtones ainsi que de mener des projets et des programmes communs avec des partenaires.&nbsp;<\/p>\n\n\n\n<p class=\"wp-block-paragraph\"><strong>\u00c0 propos de T\u00e9l\u00e9film Canada<\/strong>\u202f&nbsp;<\/p>\n\n\n\n<p class=\"wp-block-paragraph\">En tant que Partenaire de choix, T\u00e9l\u00e9film Canada est une soci\u00e9t\u00e9 d\u2019\u00c9tat vou\u00e9e \u00e0 la r\u00e9ussite de l\u2019industrie audiovisuelle canadienne, qui favorise l\u2019acc\u00e8s et l\u2019excellence en offrant des programmes qui appuient la r\u00e9sonance culturelle et l\u2019engagement du public. T\u00e9l\u00e9film soutient les entreprises dynamiques et les talents cr\u00e9atifs au pays et dans le monde, en consid\u00e9rant toujours ses objectifs d\u2019\u00e9quit\u00e9, d\u2019inclusion et de durabilit\u00e9. De plus, elle formule des recommandations aupr\u00e8s du ministre du Patrimoine canadien concernant la certification des coproductions audiovisuelles r\u00e9gies par des trait\u00e9s, et elle administre les programmes du Fonds des m\u00e9dias du Canada. Lanc\u00e9 en 2012, le Fonds des talents accepte des dons priv\u00e9s qui servent principalement \u00e0 soutenir les talents \u00e9mergents. Visitez telefilm.ca et suivez-nous sur Twitter \u00e0\u202ftwitter.com\/Telefilm_Canada et sur Facebook \u00e0 facebook.com\/telefilmcanada.&nbsp;&nbsp;<\/p>\n\n\n\n<p class=\"has-text-align-center wp-block-paragraph\">-30-&nbsp;<\/p>\n\n\n\n<p class=\"wp-block-paragraph\"><strong>Personne-ressource pour les m\u00e9dias\u202f:&nbsp;&nbsp;<\/strong>&nbsp;<\/p>\n\n\n\n<p class=\"wp-block-paragraph\">Andr\u00e9ane Leblanc&nbsp;<br>Conseill\u00e8re, relations publiques \u2013 march\u00e9 francophone&nbsp;<br>T\u00e9l\u00e9film Canada&nbsp;<br>438 469-1204&nbsp;<br><a href=\"mailto:andreane.leblanc@telefilm.ca\" target=\"_blank\" rel=\"noreferrer noopener\">andreane.leblanc@telefilm.ca<\/a>\u202f&nbsp;<\/p>\n\n\n\n<p class=\"wp-block-paragraph\"><strong>Personnes-ressources pour AIFF<\/strong>\u00a0<\/p>\n\n\n\n<p class=\"wp-block-paragraph\">Anne Lajla Utsi&nbsp;<\/p>\n\n\n\n<p class=\"wp-block-paragraph\"><a href=\"mailto:annelajla@isfi.no\" target=\"_blank\" rel=\"noreferrer noopener\">annelajla@isfi.no<\/a>&nbsp;<\/p>\n\n\n\n<p class=\"wp-block-paragraph\">Liisa Holmberg&nbsp;<\/p>\n\n\n\n<p class=\"wp-block-paragraph\"><a href=\"mailto:liisa@isfi.no\" target=\"_blank\" rel=\"noreferrer noopener\">liisa@isfi.no<\/a>&nbsp;<\/p>\n<\/div>","protected":false},"excerpt":{"rendered":"<p>T\u00e9l\u00e9film Canada a le plaisir d\u2019annoncer un partenariat avec l\u2019Arctic Indigenous Film Fund (AIFF), afin de soutenir les productions audiovisuelles autochtones et d\u2019accro\u00eetre les opportunit\u00e9s de formation et de mentorat offertes aux cr\u00e9ateurs et cr\u00e9atrices autochtones dans les r\u00e9gions de l\u2019Arctique, incluant le Canada.&nbsp; \u00ab\u202fT\u00e9l\u00e9film s\u2019est engag\u00e9e \u00e0 amplifier les voix des cr\u00e9ateurs et cr\u00e9atrices [&hellip;]<\/p>\n","protected":false},"author":5,"featured_media":0,"comment_status":"closed","ping_status":"closed","sticky":false,"template":"","format":"standard","meta":{"_acf_changed":false,"footnotes":""},"categories":[2],"tags":[],"class_list":["post-127540","post","type-post","status-publish","format-standard","hentry","category-communiques-de-presse"],"acf":{"liens":null},"yoast_head":"<!-- This site is optimized with the Yoast SEO plugin v28.4 - https:\/\/yoast.com\/product\/yoast-seo-wordpress\/ -->\n<title>T\u00e9l\u00e9film Canada devient partenaire du Arctic Indigenous Film Fund\u00a0 | T\u00e9l\u00e9film Canada<\/title>\n<meta name=\"robots\" content=\"index, follow, max-snippet:-1, max-image-preview:large, max-video-preview:-1\" \/>\n<link rel=\"canonical\" href=\"https:\/\/telefilm.ca\/fr\/telefilm-canada-devient-partenaire-du-arctic-indigenous-film-fund\" \/>\n<meta property=\"og:locale\" content=\"fr_CA\" \/>\n<meta property=\"og:type\" content=\"article\" \/>\n<meta property=\"og:title\" content=\"T\u00e9l\u00e9film Canada devient partenaire du Arctic Indigenous Film Fund\u00a0 | T\u00e9l\u00e9film Canada\" \/>\n<meta property=\"og:description\" content=\"T\u00e9l\u00e9film Canada a le plaisir d\u2019annoncer un partenariat avec l\u2019Arctic Indigenous Film Fund (AIFF), afin de soutenir les productions audiovisuelles autochtones et d\u2019accro\u00eetre les opportunit\u00e9s de formation et de mentorat offertes aux cr\u00e9ateurs et cr\u00e9atrices autochtones dans les r\u00e9gions de l\u2019Arctique, incluant le Canada.&nbsp; \u00ab\u202fT\u00e9l\u00e9film s\u2019est engag\u00e9e \u00e0 amplifier les voix des cr\u00e9ateurs et cr\u00e9atrices [&hellip;]\" \/>\n<meta property=\"og:url\" content=\"https:\/\/telefilm.ca\/fr\/telefilm-canada-devient-partenaire-du-arctic-indigenous-film-fund\" \/>\n<meta property=\"og:site_name\" content=\"T\u00e9l\u00e9film Canada\" \/>\n<meta property=\"article:publisher\" content=\"https:\/\/www.facebook.com\/TelefilmCanada\/\" \/>\n<meta property=\"article:published_time\" content=\"2022-10-20T17:30:00+00:00\" \/>\n<meta property=\"article:modified_time\" content=\"2026-06-15T19:14:29+00:00\" \/>\n<meta property=\"og:image\" content=\"https:\/\/telefilm.ca\/wp-content\/uploads\/2026\/08\/og-image-t-1200x675-1.png\" \/>\n\t<meta property=\"og:image:width\" content=\"1200\" \/>\n\t<meta property=\"og:image:height\" content=\"675\" \/>\n\t<meta property=\"og:image:type\" content=\"image\/png\" \/>\n<meta name=\"author\" content=\"mclambert\" \/>\n<meta name=\"twitter:card\" content=\"summary_large_image\" \/>\n<meta name=\"twitter:creator\" content=\"@Telefilm_Canada\" \/>\n<meta name=\"twitter:site\" content=\"@Telefilm_Canada\" \/>\n<meta name=\"twitter:label1\" content=\"\u00c9crit par\" \/>\n\t<meta name=\"twitter:data1\" content=\"mclambert\" \/>\n\t<meta name=\"twitter:label2\" content=\"Estimation du temps de lecture\" \/>\n\t<meta name=\"twitter:data2\" content=\"4 minutes\" \/>\n<script type=\"application\/ld+json\" class=\"yoast-schema-graph\">{\"@context\":\"https:\\\/\\\/schema.org\",\"@graph\":[{\"@type\":\"Article\",\"@id\":\"https:\\\/\\\/telefilm.ca\\\/fr\\\/telefilm-canada-devient-partenaire-du-arctic-indigenous-film-fund#article\",\"isPartOf\":{\"@id\":\"https:\\\/\\\/telefilm.ca\\\/fr\\\/telefilm-canada-devient-partenaire-du-arctic-indigenous-film-fund\"},\"author\":{\"name\":\"mclambert\",\"@id\":\"https:\\\/\\\/telefilm.ca\\\/fr#\\\/schema\\\/person\\\/b2df98f201c3d2b4dcf99f1239b5ddb9\"},\"headline\":\"T\u00e9l\u00e9film Canada devient partenaire du Arctic Indigenous Film Fund\u00a0\",\"datePublished\":\"2022-10-20T17:30:00+00:00\",\"dateModified\":\"2026-06-15T19:14:29+00:00\",\"mainEntityOfPage\":{\"@id\":\"https:\\\/\\\/telefilm.ca\\\/fr\\\/telefilm-canada-devient-partenaire-du-arctic-indigenous-film-fund\"},\"wordCount\":1045,\"publisher\":{\"@id\":\"https:\\\/\\\/telefilm.ca\\\/fr#organization\"},\"articleSection\":[\"Communiqu\u00e9s de presse\"],\"inLanguage\":\"fr-CA\"},{\"@type\":\"WebPage\",\"@id\":\"https:\\\/\\\/telefilm.ca\\\/fr\\\/telefilm-canada-devient-partenaire-du-arctic-indigenous-film-fund\",\"url\":\"https:\\\/\\\/telefilm.ca\\\/fr\\\/telefilm-canada-devient-partenaire-du-arctic-indigenous-film-fund\",\"name\":\"T\u00e9l\u00e9film Canada devient partenaire du Arctic Indigenous Film Fund\u00a0 | T\u00e9l\u00e9film Canada\",\"isPartOf\":{\"@id\":\"https:\\\/\\\/telefilm.ca\\\/fr#website\"},\"datePublished\":\"2022-10-20T17:30:00+00:00\",\"dateModified\":\"2026-06-15T19:14:29+00:00\",\"breadcrumb\":{\"@id\":\"https:\\\/\\\/telefilm.ca\\\/fr\\\/telefilm-canada-devient-partenaire-du-arctic-indigenous-film-fund#breadcrumb\"},\"inLanguage\":\"fr-CA\",\"potentialAction\":[{\"@type\":\"ReadAction\",\"target\":[\"https:\\\/\\\/telefilm.ca\\\/fr\\\/telefilm-canada-devient-partenaire-du-arctic-indigenous-film-fund\"]}]},{\"@type\":\"BreadcrumbList\",\"@id\":\"https:\\\/\\\/telefilm.ca\\\/fr\\\/telefilm-canada-devient-partenaire-du-arctic-indigenous-film-fund#breadcrumb\",\"itemListElement\":[{\"@type\":\"ListItem\",\"position\":1,\"name\":\"Accueil\",\"item\":\"https:\\\/\\\/telefilm.ca\\\/fr\"},{\"@type\":\"ListItem\",\"position\":2,\"name\":\"Communiqu\u00e9s de presse\",\"item\":\"https:\\\/\\\/telefilm.ca\\\/fr\\\/communiques-de-presse\"},{\"@type\":\"ListItem\",\"position\":3,\"name\":\"T\u00e9l\u00e9film Canada devient partenaire du Arctic Indigenous Film Fund\u00a0\"}]},{\"@type\":\"WebSite\",\"@id\":\"https:\\\/\\\/telefilm.ca\\\/fr#website\",\"url\":\"https:\\\/\\\/telefilm.ca\\\/fr\",\"name\":\"T\u00e9l\u00e9film Canada\",\"description\":\"Partenaire de choix\",\"publisher\":{\"@id\":\"https:\\\/\\\/telefilm.ca\\\/fr#organization\"},\"potentialAction\":[{\"@type\":\"SearchAction\",\"target\":{\"@type\":\"EntryPoint\",\"urlTemplate\":\"https:\\\/\\\/telefilm.ca\\\/fr?s={search_term_string}\"},\"query-input\":{\"@type\":\"PropertyValueSpecification\",\"valueRequired\":true,\"valueName\":\"search_term_string\"}}],\"inLanguage\":\"fr-CA\"},{\"@type\":\"Organization\",\"@id\":\"https:\\\/\\\/telefilm.ca\\\/fr#organization\",\"name\":\"Telefilm Canada\",\"url\":\"https:\\\/\\\/telefilm.ca\\\/fr\",\"logo\":{\"@type\":\"ImageObject\",\"inLanguage\":\"fr-CA\",\"@id\":\"https:\\\/\\\/telefilm.ca\\\/fr#\\\/schema\\\/logo\\\/image\\\/\",\"url\":\"https:\\\/\\\/telefilm.ca\\\/wp-content\\\/uploads\\\/2026\\\/05\\\/cropped-tfc_favicon_512.png\",\"contentUrl\":\"https:\\\/\\\/telefilm.ca\\\/wp-content\\\/uploads\\\/2026\\\/05\\\/cropped-tfc_favicon_512.png\",\"width\":512,\"height\":512,\"caption\":\"Telefilm Canada\"},\"image\":{\"@id\":\"https:\\\/\\\/telefilm.ca\\\/fr#\\\/schema\\\/logo\\\/image\\\/\"},\"sameAs\":[\"https:\\\/\\\/www.facebook.com\\\/TelefilmCanada\\\/\",\"https:\\\/\\\/x.com\\\/Telefilm_Canada\",\"https:\\\/\\\/www.instagram.com\\\/telefilm_canada\\\/\",\"https:\\\/\\\/www.linkedin.com\\\/company\\\/telefilm-canada\\\/\",\"https:\\\/\\\/www.youtube.com\\\/user\\\/telefilmcanada\"]},{\"@type\":\"Person\",\"@id\":\"https:\\\/\\\/telefilm.ca\\\/fr#\\\/schema\\\/person\\\/b2df98f201c3d2b4dcf99f1239b5ddb9\",\"name\":\"mclambert\",\"image\":{\"@type\":\"ImageObject\",\"inLanguage\":\"fr-CA\",\"@id\":\"https:\\\/\\\/secure.gravatar.com\\\/avatar\\\/d06ba0a3cc34857991847fd4226542125b12c668a10ff4ff6dfbc0545ad1324b?s=96&d=mm&r=g\",\"url\":\"https:\\\/\\\/secure.gravatar.com\\\/avatar\\\/d06ba0a3cc34857991847fd4226542125b12c668a10ff4ff6dfbc0545ad1324b?s=96&d=mm&r=g\",\"contentUrl\":\"https:\\\/\\\/secure.gravatar.com\\\/avatar\\\/d06ba0a3cc34857991847fd4226542125b12c668a10ff4ff6dfbc0545ad1324b?s=96&d=mm&r=g\",\"caption\":\"mclambert\"},\"url\":\"https:\\\/\\\/telefilm.ca\\\/fr\\\/author\\\/mclambert\"}]}<\/script>\n<!-- \/ Yoast SEO plugin. -->","yoast_head_json":{"title":"T\u00e9l\u00e9film Canada devient partenaire du Arctic Indigenous Film Fund\u00a0 | T\u00e9l\u00e9film Canada","robots":{"index":"index","follow":"follow","max-snippet":"max-snippet:-1","max-image-preview":"max-image-preview:large","max-video-preview":"max-video-preview:-1"},"canonical":"https:\/\/telefilm.ca\/fr\/telefilm-canada-devient-partenaire-du-arctic-indigenous-film-fund","og_locale":"fr_CA","og_type":"article","og_title":"T\u00e9l\u00e9film Canada devient partenaire du Arctic Indigenous Film Fund\u00a0 | T\u00e9l\u00e9film Canada","og_description":"T\u00e9l\u00e9film Canada a le plaisir d\u2019annoncer un partenariat avec l\u2019Arctic Indigenous Film Fund (AIFF), afin de soutenir les productions audiovisuelles autochtones et d\u2019accro\u00eetre les opportunit\u00e9s de formation et de mentorat offertes aux cr\u00e9ateurs et cr\u00e9atrices autochtones dans les r\u00e9gions de l\u2019Arctique, incluant le Canada.&nbsp; \u00ab\u202fT\u00e9l\u00e9film s\u2019est engag\u00e9e \u00e0 amplifier les voix des cr\u00e9ateurs et cr\u00e9atrices [&hellip;]","og_url":"https:\/\/telefilm.ca\/fr\/telefilm-canada-devient-partenaire-du-arctic-indigenous-film-fund","og_site_name":"T\u00e9l\u00e9film Canada","article_publisher":"https:\/\/www.facebook.com\/TelefilmCanada\/","article_published_time":"2022-10-20T17:30:00+00:00","article_modified_time":"2026-06-15T19:14:29+00:00","og_image":[{"width":1200,"height":675,"url":"https:\/\/telefilm.ca\/wp-content\/uploads\/2026\/08\/og-image-t-1200x675-1.png","type":"image\/png"}],"author":"mclambert","twitter_card":"summary_large_image","twitter_creator":"@Telefilm_Canada","twitter_site":"@Telefilm_Canada","twitter_misc":{"\u00c9crit par":"mclambert","Estimation du temps de lecture":"4 minutes"},"schema":{"@context":"https:\/\/schema.org","@graph":[{"@type":"Article","@id":"https:\/\/telefilm.ca\/fr\/telefilm-canada-devient-partenaire-du-arctic-indigenous-film-fund#article","isPartOf":{"@id":"https:\/\/telefilm.ca\/fr\/telefilm-canada-devient-partenaire-du-arctic-indigenous-film-fund"},"author":{"name":"mclambert","@id":"https:\/\/telefilm.ca\/fr#\/schema\/person\/b2df98f201c3d2b4dcf99f1239b5ddb9"},"headline":"T\u00e9l\u00e9film Canada devient partenaire du Arctic Indigenous Film Fund\u00a0","datePublished":"2022-10-20T17:30:00+00:00","dateModified":"2026-06-15T19:14:29+00:00","mainEntityOfPage":{"@id":"https:\/\/telefilm.ca\/fr\/telefilm-canada-devient-partenaire-du-arctic-indigenous-film-fund"},"wordCount":1045,"publisher":{"@id":"https:\/\/telefilm.ca\/fr#organization"},"articleSection":["Communiqu\u00e9s de presse"],"inLanguage":"fr-CA"},{"@type":"WebPage","@id":"https:\/\/telefilm.ca\/fr\/telefilm-canada-devient-partenaire-du-arctic-indigenous-film-fund","url":"https:\/\/telefilm.ca\/fr\/telefilm-canada-devient-partenaire-du-arctic-indigenous-film-fund","name":"T\u00e9l\u00e9film Canada devient partenaire du Arctic Indigenous Film Fund\u00a0 | T\u00e9l\u00e9film Canada","isPartOf":{"@id":"https:\/\/telefilm.ca\/fr#website"},"datePublished":"2022-10-20T17:30:00+00:00","dateModified":"2026-06-15T19:14:29+00:00","breadcrumb":{"@id":"https:\/\/telefilm.ca\/fr\/telefilm-canada-devient-partenaire-du-arctic-indigenous-film-fund#breadcrumb"},"inLanguage":"fr-CA","potentialAction":[{"@type":"ReadAction","target":["https:\/\/telefilm.ca\/fr\/telefilm-canada-devient-partenaire-du-arctic-indigenous-film-fund"]}]},{"@type":"BreadcrumbList","@id":"https:\/\/telefilm.ca\/fr\/telefilm-canada-devient-partenaire-du-arctic-indigenous-film-fund#breadcrumb","itemListElement":[{"@type":"ListItem","position":1,"name":"Accueil","item":"https:\/\/telefilm.ca\/fr"},{"@type":"ListItem","position":2,"name":"Communiqu\u00e9s de presse","item":"https:\/\/telefilm.ca\/fr\/communiques-de-presse"},{"@type":"ListItem","position":3,"name":"T\u00e9l\u00e9film Canada devient partenaire du Arctic Indigenous Film Fund\u00a0"}]},{"@type":"WebSite","@id":"https:\/\/telefilm.ca\/fr#website","url":"https:\/\/telefilm.ca\/fr","name":"T\u00e9l\u00e9film Canada","description":"Partenaire de choix","publisher":{"@id":"https:\/\/telefilm.ca\/fr#organization"},"potentialAction":[{"@type":"SearchAction","target":{"@type":"EntryPoint","urlTemplate":"https:\/\/telefilm.ca\/fr?s={search_term_string}"},"query-input":{"@type":"PropertyValueSpecification","valueRequired":true,"valueName":"search_term_string"}}],"inLanguage":"fr-CA"},{"@type":"Organization","@id":"https:\/\/telefilm.ca\/fr#organization","name":"Telefilm Canada","url":"https:\/\/telefilm.ca\/fr","logo":{"@type":"ImageObject","inLanguage":"fr-CA","@id":"https:\/\/telefilm.ca\/fr#\/schema\/logo\/image\/","url":"https:\/\/telefilm.ca\/wp-content\/uploads\/2026\/05\/cropped-tfc_favicon_512.png","contentUrl":"https:\/\/telefilm.ca\/wp-content\/uploads\/2026\/05\/cropped-tfc_favicon_512.png","width":512,"height":512,"caption":"Telefilm Canada"},"image":{"@id":"https:\/\/telefilm.ca\/fr#\/schema\/logo\/image\/"},"sameAs":["https:\/\/www.facebook.com\/TelefilmCanada\/","https:\/\/x.com\/Telefilm_Canada","https:\/\/www.instagram.com\/telefilm_canada\/","https:\/\/www.linkedin.com\/company\/telefilm-canada\/","https:\/\/www.youtube.com\/user\/telefilmcanada"]},{"@type":"Person","@id":"https:\/\/telefilm.ca\/fr#\/schema\/person\/b2df98f201c3d2b4dcf99f1239b5ddb9","name":"mclambert","image":{"@type":"ImageObject","inLanguage":"fr-CA","@id":"https:\/\/secure.gravatar.com\/avatar\/d06ba0a3cc34857991847fd4226542125b12c668a10ff4ff6dfbc0545ad1324b?s=96&d=mm&r=g","url":"https:\/\/secure.gravatar.com\/avatar\/d06ba0a3cc34857991847fd4226542125b12c668a10ff4ff6dfbc0545ad1324b?s=96&d=mm&r=g","contentUrl":"https:\/\/secure.gravatar.com\/avatar\/d06ba0a3cc34857991847fd4226542125b12c668a10ff4ff6dfbc0545ad1324b?s=96&d=mm&r=g","caption":"mclambert"},"url":"https:\/\/telefilm.ca\/fr\/author\/mclambert"}]}},"wpml_current_locale":"fr_CA","wpml_translations":[{"locale":"en_CA","id":127538,"post_title":"Telefilm Canada becomes a partner of the Arctic Indigenous Film Fund\u00a0","href":"https:\/\/telefilm.ca\/en\/telefilm-canada-becomes-a-partner-of-the-arctic-indigenous-film-fund\/"}],"_links":{"self":[{"href":"https:\/\/telefilm.ca\/fr\/wp-json\/wp\/v2\/posts\/127540","targetHints":{"allow":["GET"]}}],"collection":[{"href":"https:\/\/telefilm.ca\/fr\/wp-json\/wp\/v2\/posts"}],"about":[{"href":"https:\/\/telefilm.ca\/fr\/wp-json\/wp\/v2\/types\/post"}],"author":[{"embeddable":true,"href":"https:\/\/telefilm.ca\/fr\/wp-json\/wp\/v2\/users\/5"}],"replies":[{"embeddable":true,"href":"https:\/\/telefilm.ca\/fr\/wp-json\/wp\/v2\/comments?post=127540"}],"version-history":[{"count":1,"href":"https:\/\/telefilm.ca\/fr\/wp-json\/wp\/v2\/posts\/127540\/revisions"}],"predecessor-version":[{"id":189936,"href":"https:\/\/telefilm.ca\/fr\/wp-json\/wp\/v2\/posts\/127540\/revisions\/189936"}],"wp:attachment":[{"href":"https:\/\/telefilm.ca\/fr\/wp-json\/wp\/v2\/media?parent=127540"}],"wp:term":[{"taxonomy":"category","embeddable":true,"href":"https:\/\/telefilm.ca\/fr\/wp-json\/wp\/v2\/categories?post=127540"},{"taxonomy":"post_tag","embeddable":true,"href":"https:\/\/telefilm.ca\/fr\/wp-json\/wp\/v2\/tags?post=127540"}],"curies":[{"name":"wp","href":"https:\/\/api.w.org\/{rel}","templated":true}]}}