{"id":127591,"date":"2022-10-24T14:00:00","date_gmt":"2022-10-24T18:00:00","guid":{"rendered":"https:\/\/telefilm.ca\/?p=127591"},"modified":"2026-06-15T15:14:30","modified_gmt":"2026-06-15T19:14:30","slug":"telefilm-canada-et-le-fonds-des-talents-accueillent-16-equipes-cinematographiques-dans-le-cadre-du-programme-talents-en-vue","status":"publish","type":"post","link":"https:\/\/telefilm.ca\/fr\/telefilm-canada-et-le-fonds-des-talents-accueillent-16-equipes-cinematographiques-dans-le-cadre-du-programme-talents-en-vue","title":{"rendered":"T\u00e9l\u00e9film Canada et le Fonds des talents soutiennent 16 \u00e9quipes de films dans le cadre du programme Talents en vue"},"content":{"rendered":"<div class=\"editor-content\">\n<p class=\"wp-block-paragraph\"><strong>24 octobre 2022<\/strong> \u2013 T\u00e9l\u00e9film Canada et le Fonds des talents sont heureux d\u2019annoncer la s\u00e9lection de 16 premiers longs m\u00e9trages de cin\u00e9astes \u00e9mergents ind\u00e9pendants pour l\u2019exercice financier 2022-2023 du programme <a href=\"https:\/\/telefilm.ca\/fr\/programmes\/programme-talents-en-vue\" target=\"_blank\" rel=\"noreferrer noopener\">Talents en vue<\/a>. La somme de 3,5 millions de dollars sera investie dans ces projets par T\u00e9l\u00e9film et le Fonds des talents.&nbsp;&nbsp;<\/p>\n\n\n\n<p class=\"wp-block-paragraph\">Dans le cadre des efforts de modernisation de T\u00e9l\u00e9film, le programme Talents en vue a \u00e9t\u00e9 relanc\u00e9 au printemps dernier avec d\u2019importants changements, dont une aide financi\u00e8re major\u00e9e \u00e0 250\u202f000\u202f$ (par rapport \u00e0 150\u202f000 $) par projet de film et jusqu\u2019\u00e0 concurrence de 150\u202f000\u202f$ pour les films documentaires. De plus, les r\u00e9cipiendaires du programme Talents en vue de cette ann\u00e9e auront acc\u00e8s \u00e0 un nouveau programme de mentorat administr\u00e9 par l\u2019Institut national de l\u2019image et du son (INIS) et par le <em>National Screen Institute<\/em> (NSI). Les autres changements majeurs apport\u00e9s au programme sont indiqu\u00e9s <a href=\"https:\/\/telefilm.ca\/fr\/telefilm-canada-relance-le-programme-talents-en-vue\" target=\"_blank\" rel=\"noreferrer noopener\">ici<\/a>.&nbsp;&nbsp;<\/p>\n\n\n\n<p class=\"wp-block-paragraph\">\u00ab\u202fLa cohorte de 2022 regroupe une grande diversit\u00e9 de cin\u00e9astes provenant de l\u2019ensemble du pays, t\u00e9moignant de l\u2019extraordinaire richesse du bassin de talents canadiens pr\u00eats \u00e0 partager leurs histoires \u00e0 travers l\u2019art de la cin\u00e9matographie\u202f\u00bb, a d\u00e9clar\u00e9 <strong>Francesca Accinelli<\/strong>, directrice g\u00e9n\u00e9rale et cheffe de la direction par int\u00e9rim de T\u00e9l\u00e9film Canada. \u00ab\u202fDes r\u00e9cipiendaires du programme Talents en vue, comme Daiva \u017dalnieriunas et Josiane Blanc redonnent au suivant, jouant le r\u00f4le de productrices aupr\u00e8s des \u00e9quipes cin\u00e9matographiques de la rel\u00e8ve. Pour la toute premi\u00e8re fois, le programme Talents en vue accorde son soutien \u00e0 un projet tourn\u00e9 en tib\u00e9tain et en anglais, <em>100 Sunset<\/em>, ainsi qu\u2019\u00e0 un projet de film en arabe dont l\u2019action se passe dans la r\u00e9gion du Sina\u00ef en \u00c9gypte, <em>The Firehouse<\/em>. Avec les importants changements apport\u00e9s \u00e0 notre programme, nous pr\u00e9voyons accueillir davantage de projets en diff\u00e9rentes langues, des films qui sauront se d\u00e9marquer dans le paysage audiovisuel canadien.\u202f\u00bb&nbsp;<\/p>\n\n\n\n<p class=\"wp-block-paragraph\">\u00ab\u202fAu cours de la derni\u00e8re d\u00e9cennie, le Fonds des talents a jou\u00e9 un r\u00f4le essentiel en offrant aux cin\u00e9astes de la rel\u00e8ve un tremplin vers une carri\u00e8re prometteuse, leur permettant de pr\u00e9senter leurs histoires au monde entier\u202f\u00bb, a mentionn\u00e9\u202f<strong>Sandi Treliving<\/strong>, pr\u00e9sidente du comit\u00e9 consultatif du Fonds des talents. \u00ab\u202fGr\u00e2ce au soutien de nos g\u00e9n\u00e9reux donateurs et donatrices, la cohorte de cette ann\u00e9e sera en mesure de porter leurs visions uniques \u00e0 l\u2019\u00e9cran, Nous avons tr\u00e8s h\u00e2te de voir le fruit du travail des r\u00e9cipiendaires de cette ann\u00e9e, et de faire d\u00e9couvrir ces cin\u00e9astes de talent aux auditoires.\u202f\u00bb&nbsp;<\/p>\n\n\n\n<p class=\"wp-block-paragraph\"><strong>Projets s\u00e9lectionn\u00e9s pour 2022-2023\u202f:&nbsp;<\/strong>&nbsp;<\/p>\n\n\n\n<p class=\"wp-block-paragraph\"><strong><em>100 Sunset <\/em><\/strong>(film policier)&nbsp;<\/p>\n\n\n\n<p class=\"wp-block-paragraph\">R\u00e9alisation et sc\u00e9nario\u202f: Kunsang Kyirong&nbsp;<br>Production\u202f: Joaquin Cardoner&nbsp;<br>Province\u202f: Colombie-Britannique&nbsp;<br>Langue\u202f: tib\u00e9tain\/anglais&nbsp;<br>Volet partenaires d\u00e9sign\u00e9s&nbsp;<br>Organisation partenaire\u202f: Festival international du film de Vancouver&nbsp;<\/p>\n\n\n\n<p class=\"wp-block-paragraph\"><strong><em>1001 couronnes pour ma t\u00eate <\/em><\/strong>(documentaire)&nbsp;<\/p>\n\n\n\n<p class=\"wp-block-paragraph\">R\u00e9alisation, sc\u00e9nario\u202fet production: Habibata Ouarme&nbsp;<br>Province\u202f: Ontario&nbsp;<br>Langue\u202f: fran\u00e7ais\/anglais&nbsp;<br>Volet Acc\u00e8s direct&nbsp;<\/p>\n\n\n\n<p class=\"wp-block-paragraph\"><strong><em>Agent Dynamo <\/em><\/strong>(documentaire)&nbsp;<\/p>\n\n\n\n<p class=\"wp-block-paragraph\">R\u00e9alisation et sc\u00e9nario\u202f: Lea Marinova&nbsp;<br>Production\u202f: Svetla Turnin&nbsp;<br>Province\u202f: Qu\u00e9bec&nbsp;<br>Langue\u202f: anglais\/bulgare&nbsp;<br>Volet Acc\u00e8s direct&nbsp;<\/p>\n\n\n\n<p class=\"wp-block-paragraph\"><strong><em>L\u2019asile <\/em><\/strong>(documentaire)&nbsp;<\/p>\n\n\n\n<p class=\"wp-block-paragraph\">R\u00e9alisation et sc\u00e9nario\u202f: David Sanchez&nbsp;<br>Production\u202f: Fran\u00e7ois Dub\u00e9&nbsp;<br>Province\u202f: Qu\u00e9bec&nbsp;<br>Langue\u202f: fran\u00e7ais&nbsp;<br>Volet partenaires d\u00e9sign\u00e9s&nbsp;<br>Organisation partenaire : SPIRA&nbsp;<\/p>\n\n\n\n<p class=\"wp-block-paragraph\"><strong><em>Boxcutter <\/em><\/strong>(drame)&nbsp;<\/p>\n\n\n\n<p class=\"wp-block-paragraph\">R\u00e9alisation\u202f: Reza Dahya&nbsp;<br>Sc\u00e9nario\u202f: Chris Cromie&nbsp;<br>Production\u202f: Reza Dahya et Soko Negash&nbsp;<br>Province\u202f: Ontario&nbsp;<br>Langue\u202f: anglais&nbsp;<br>Volet partenaires d\u00e9sign\u00e9s&nbsp;<br>Organisation partenaire\u202f: Prism Prize&nbsp;<\/p>\n\n\n\n<p class=\"wp-block-paragraph\"><strong><em>Chemins de terre <\/em><\/strong>(horreur)&nbsp;<\/p>\n\n\n\n<p class=\"wp-block-paragraph\">R\u00e9alisation et sc\u00e9nario\u202f: Laetitia Demessence&nbsp;<br>Production\u202f: Yann-Manuel Hernandez&nbsp;<br>Province\u202f: Qu\u00e9bec&nbsp;<br>Langue\u202f: fran\u00e7ais&nbsp;<br>Volet partenaires d\u00e9sign\u00e9s&nbsp;<br>Organisation partenaire\u202f: Universit\u00e9 de Montr\u00e9al&nbsp;<\/p>\n\n\n\n<p class=\"wp-block-paragraph\"><strong><em>Do I Know You From Somewhere? <\/em><\/strong>(drame)&nbsp;<\/p>\n\n\n\n<p class=\"wp-block-paragraph\">R\u00e9alisation\u202f: Arianna Martinez&nbsp;<br>Sc\u00e9nario\u202f: Gordon Mihan et Arianna Martinez&nbsp;<br>Production\u202f: Gordon Mihan et Lance Blakney&nbsp;<br>Province\u202f: Nouveau-Brunswick&nbsp;<br>Langue\u202f: anglais&nbsp;<br>Volet partenaires d\u00e9sign\u00e9s&nbsp;<br>Organisation partenaire: <em>New Brunswick Film Co-Operative<\/em>&nbsp;<\/p>\n\n\n\n<p class=\"wp-block-paragraph\"><strong><em>The Firehouse <\/em><\/strong>(drame)&nbsp;<\/p>\n\n\n\n<p class=\"wp-block-paragraph\">R\u00e9alisation et sc\u00e9nario\u202f: Omar Elhamy&nbsp;<br>Production\u202f: Jonathan Beaulieu-Cyr&nbsp;<br>Province\u202f: Qu\u00e9bec&nbsp;<br>Langue: arabe&nbsp;<br>Volet festivals&nbsp;<\/p>\n\n\n\n<p class=\"wp-block-paragraph\"><strong><em>His Father\u2019s Son <\/em><\/strong>(drame)&nbsp;<\/p>\n\n\n\n<p class=\"wp-block-paragraph\">R\u00e9alisation et sc\u00e9nario\u202f: Meelad Moaphi&nbsp;<br>Production\u202f: Stephen Raglow et Spencer Hahn&nbsp;<br>Province\u202f: Ontario&nbsp;<br>Langue\u202f: anglais\/f\u00e2rsi&nbsp;<br>Volet partenaires d\u00e9sign\u00e9s&nbsp;<br>Organisation partenaire\u202f: Universit\u00e9 York&nbsp;<\/p>\n\n\n\n<p class=\"wp-block-paragraph\"><strong><em>Johanne <\/em><\/strong>(documentaire)&nbsp;<\/p>\n\n\n\n<p class=\"wp-block-paragraph\">R\u00e9alisation et sc\u00e9nario\u202f: Nadine Valcin&nbsp;<br>Production\u202f: Josiane Blanc et Ania Jamila&nbsp;<br>Province\u202f: Ontario&nbsp;<br>Langue\u202f: fran\u00e7ais&nbsp;<br>Volet Acc\u00e8s direct&nbsp;<\/p>\n\n\n\n<p class=\"wp-block-paragraph\"><strong><em>Jude and the Jinn <\/em><\/strong>(r\u00e9alisme magique)&nbsp;<\/p>\n\n\n\n<p class=\"wp-block-paragraph\">R\u00e9alisation et sc\u00e9nario\u202f: Rolla Tahir&nbsp;<br>Production\u202f: Mercedes Cardella et Ladan Siad&nbsp;<br>Province\u202f: Ontario&nbsp;<br>Langue\u202f: anglais\/arabe&nbsp;<br>Volet partenaires d\u00e9sign\u00e9s&nbsp;<br>Organisation partenaire\u202f: ReelWorld Film Festival Inc.&nbsp;<\/p>\n\n\n\n<p class=\"wp-block-paragraph\"><strong><em>Lucky Strikes <\/em><\/strong>(com\u00e9die)&nbsp;<\/p>\n\n\n\n<p class=\"wp-block-paragraph\">R\u00e9alisation et sc\u00e9nario\u202f: Darcy Waite&nbsp;<br>Production\u202f: Madison Thomas&nbsp;<br>Province\u202f: Manitoba&nbsp;<br>Langue\u202f: anglais&nbsp;<br>Volet partenaires d\u00e9sign\u00e9s &#8211; composante autochtone&nbsp;<br>Organisation partenaire\u202f: On Screen Manitoba Inc.&nbsp;<\/p>\n\n\n\n<p class=\"wp-block-paragraph\"><strong><em>The River Will Carry Us <\/em><\/strong>(drame)&nbsp;<\/p>\n\n\n\n<p class=\"wp-block-paragraph\">R\u00e9alisation et sc\u00e9nario\u202f: Mahsa Razavi&nbsp;<br>Production\u202f: Priscilla Galvez et Tanya Hoshi&nbsp;<br>Province\u202f: Ontario&nbsp;<br>Langue\u202f: anglais\/persan&nbsp;<br>Volet Acc\u00e8s direct&nbsp;<\/p>\n\n\n\n<p class=\"wp-block-paragraph\"><strong><em>Seahorse <\/em><\/strong>(drame)&nbsp;<\/p>\n\n\n\n<p class=\"wp-block-paragraph\">R\u00e9alisation\u202f: Natalie Remplakowski et Aisha Evelyna&nbsp;<br>Sc\u00e9nario\u202f: Aisha Evelyna&nbsp;<br>Production\u202f: Natalie Remplakowski et Aisha Evelyna&nbsp;<br>Province\u202f: Ontario&nbsp;<br>Langue\u202f: anglais&nbsp;<br>Volet Acc\u00e8s direct&nbsp;<\/p>\n\n\n\n<p class=\"wp-block-paragraph\"><strong><em>The Track <\/em><\/strong>(documentaire)&nbsp;<\/p>\n\n\n\n<p class=\"wp-block-paragraph\">R\u00e9alisation, sc\u00e9nario et production\u202f: Ryan Sidhoo&nbsp;<br>Province\u202f: Colombie-Britannique&nbsp;<br>Langue\u202f: anglais\/bosniaque&nbsp;<br>Volet Acc\u00e8s direct&nbsp;<\/p>\n\n\n\n<p class=\"wp-block-paragraph\"><strong><em>Tandis que lui <\/em><\/strong>(drame)&nbsp;<\/p>\n\n\n\n<p class=\"wp-block-paragraph\">R\u00e9alisation et sc\u00e9nario\u202f: Elisa Gilmour&nbsp;<br>Production\u202f: Daiva \u017dalnieriunas&nbsp;<br>Province\u202f: Ontario&nbsp;<br>Langue\u202f: fran\u00e7ais&nbsp;<br>Volet Acc\u00e8s direct&nbsp;<\/p>\n\n\n\n<p class=\"wp-block-paragraph\"><strong>\u00c0 propos de T\u00e9l\u00e9<\/strong><strong>film Canada<\/strong>&nbsp;<\/p>\n\n\n\n<p class=\"wp-block-paragraph\">En tant que Partenaire de choix, T\u00e9l\u00e9film Canada est une soci\u00e9t\u00e9 d\u2019\u00c9tat vou\u00e9e \u00e0 la r\u00e9ussite de l\u2019industrie audiovisuelle canadienne, qui favorise l\u2019acc\u00e8s et l\u2019excellence en offrant des programmes qui appuient la r\u00e9sonance culturelle et l\u2019engagement du public. T\u00e9l\u00e9film soutient les entreprises dynamiques et les talents cr\u00e9atifs au pays et dans le monde, en consid\u00e9rant toujours ses objectifs d\u2019\u00e9quit\u00e9, d\u2019inclusion et de durabilit\u00e9. De plus, elle formule des recommandations aupr\u00e8s du ministre du Patrimoine canadien concernant la certification des coproductions audiovisuelles r\u00e9gies par des trait\u00e9s, et elle administre les programmes du Fonds des m\u00e9dias du Canada. Lanc\u00e9 en 2012, le Fonds des talents accepte des dons priv\u00e9s qui servent principalement \u00e0 soutenir les talents \u00e9mergents. Visitez telefilm.ca et suivez-nous sur Twitter \u00e0\u202ftwitter.com\/Telefilm_Canada et sur Facebook \u00e0 facebook.com\/telefilmcanada.&nbsp;&nbsp;<\/p>\n\n\n\n<p class=\"wp-block-paragraph\"><strong>\u00c0 propos du Fonds des talents<\/strong>&nbsp;<\/p>\n\n\n\n<p class=\"wp-block-paragraph\">Le Fonds des Talent est une initiative nationale de dons d\u00e9di\u00e9e \u00e0 propulser la carri\u00e8re des cin\u00e9astes de la rel\u00e8ve de partout au Canada. Soutenant le cheminement de carri\u00e8re en cin\u00e9ma, le Fonds des talents investit dans des talents \u00e9mergents et les aide \u00e0 constituer leur portfolio professionnel, favorise le partage communautaire et de connaissances gr\u00e2ce \u00e0 du mentorat professionnel, et accorde la priorit\u00e9 aux cr\u00e9ateurs et cr\u00e9atrices de la rel\u00e8ve issu.e.s des&nbsp; communaut\u00e9s historiquement&nbsp;sous-repr\u00e9sent\u00e9es. Les fonds recueillis sont investis dans le <a href=\"https:\/\/telefilm.ca\/fr\/programmes\/programme-talents-en-vue\" target=\"_blank\" rel=\"noreferrer noopener\">programme Talents en vue<\/a> de T\u00e9l\u00e9film Canada \u2013 un acc\u00e9l\u00e9rateur et un tremplin de carri\u00e8re \u2013 qui aide la prochaine g\u00e9n\u00e9ration de cin\u00e9astes \u00e0 contribuer \u00e0 une industrie du cin\u00e9ma canadienne florissante. Depuis 2012, le Fonds a soutenu 165 projets de films, port\u00e9s \u00e0 l\u2019\u00e9cran par plus de 360 artistes \u00e9mergents (en sc\u00e9narisation, production et r\u00e9alisation) et a financ\u00e9 des films qui ont remport\u00e9 plus de 180 prix dans le monde entier. Des donateurs et donatrices individuels, des fondations familiales, des entreprises et des commanditaires investissent dans le Fonds des talents, croyant au pouvoir du r\u00e9cit par le biais du cin\u00e9ma et aux bienfaits de ce programme pour la carri\u00e8re des artistes de la rel\u00e8ve. Pour en savoir plus sur le Fonds des talents ou pour faire un don, visitez lefondsdestalents.ca&nbsp;<\/p>\n\n\n\n<p class=\"wp-block-paragraph\">-30-&nbsp;<\/p>\n\n\n\n<p class=\"wp-block-paragraph\"><strong>Personne-ressource pour les m\u00e9dias\u202f:<\/strong>&nbsp;<\/p>\n\n\n\n<p class=\"wp-block-paragraph\">Andr\u00e9ane Leblanc&nbsp;<br>Conseill\u00e8re, relations publiques \u2013 march\u00e9 francophone&nbsp;<br>T\u00e9l\u00e9film Canada&nbsp;<br>438 469-1204&nbsp;<br><a href=\"mailto:andreane.leblanc@telefilm.ca\" target=\"_blank\" rel=\"noreferrer noopener\">andreane.leblanc@telefilm.ca<\/a>\u202f&nbsp;<\/p>\n<\/div>","protected":false},"excerpt":{"rendered":"<p>24 octobre 2022 \u2013 T\u00e9l\u00e9film Canada et le Fonds des talents sont heureux d\u2019annoncer la s\u00e9lection de 16 premiers longs m\u00e9trages de cin\u00e9astes \u00e9mergents ind\u00e9pendants pour l\u2019exercice financier 2022-2023 du programme Talents en vue. La somme de 3,5 millions de dollars sera investie dans ces projets par T\u00e9l\u00e9film et le Fonds des talents.&nbsp;&nbsp; Dans le [&hellip;]<\/p>\n","protected":false},"author":5,"featured_media":0,"comment_status":"closed","ping_status":"closed","sticky":false,"template":"","format":"standard","meta":{"_acf_changed":false,"footnotes":""},"categories":[2],"tags":[],"class_list":["post-127591","post","type-post","status-publish","format-standard","hentry","category-communiques-de-presse"],"acf":{"liens":null},"yoast_head":"<!-- This site is optimized with the Yoast SEO plugin v28.4 - https:\/\/yoast.com\/product\/yoast-seo-wordpress\/ -->\n<title>T\u00e9l\u00e9film Canada et le Fonds des talents soutiennent 16 \u00e9quipes de films dans le cadre du programme Talents en vue | T\u00e9l\u00e9film Canada<\/title>\n<meta name=\"robots\" content=\"index, follow, max-snippet:-1, max-image-preview:large, max-video-preview:-1\" \/>\n<link rel=\"canonical\" href=\"https:\/\/telefilm.ca\/fr\/telefilm-canada-et-le-fonds-des-talents-accueillent-16-equipes-cinematographiques-dans-le-cadre-du-programme-talents-en-vue\" \/>\n<meta property=\"og:locale\" content=\"fr_CA\" \/>\n<meta property=\"og:type\" content=\"article\" \/>\n<meta property=\"og:title\" content=\"T\u00e9l\u00e9film Canada et le Fonds des talents accueillent 16 \u00e9quipes cin\u00e9matographiques dans le cadre du programme Talents en vue\u00a0\" \/>\n<meta property=\"og:description\" content=\"T\u00e9l\u00e9film Canada et le Fonds des talents sont heureux d\u2019annoncer la s\u00e9lection de 16 premiers longs m\u00e9trages de cin\u00e9astes \u00e9mergents ind\u00e9pendants pour l\u2019exercice financier 2022-2023 du programme Talents en vue. La somme de 3,5 millions de dollars sera investie dans ces projets par T\u00e9l\u00e9film et le Fonds des talents.\" \/>\n<meta property=\"og:url\" content=\"https:\/\/telefilm.ca\/fr\/telefilm-canada-et-le-fonds-des-talents-accueillent-16-equipes-cinematographiques-dans-le-cadre-du-programme-talents-en-vue\" \/>\n<meta property=\"og:site_name\" content=\"T\u00e9l\u00e9film Canada\" \/>\n<meta property=\"article:publisher\" content=\"https:\/\/www.facebook.com\/TelefilmCanada\/\" \/>\n<meta property=\"article:published_time\" content=\"2022-10-24T18:00:00+00:00\" \/>\n<meta property=\"article:modified_time\" content=\"2026-06-15T19:14:30+00:00\" \/>\n<meta property=\"og:image\" content=\"https:\/\/telefilm.ca\/wp-content\/uploads\/2026\/08\/og-image-t-1200x675-1.png\" \/>\n\t<meta property=\"og:image:width\" content=\"1200\" \/>\n\t<meta property=\"og:image:height\" content=\"675\" \/>\n\t<meta property=\"og:image:type\" content=\"image\/png\" \/>\n<meta name=\"author\" content=\"mclambert\" \/>\n<meta name=\"twitter:card\" content=\"summary_large_image\" \/>\n<meta name=\"twitter:creator\" content=\"@Telefilm_Canada\" \/>\n<meta name=\"twitter:site\" content=\"@Telefilm_Canada\" \/>\n<meta name=\"twitter:label1\" content=\"\u00c9crit par\" \/>\n\t<meta name=\"twitter:data1\" content=\"mclambert\" \/>\n\t<meta name=\"twitter:label2\" content=\"Estimation du temps de lecture\" \/>\n\t<meta name=\"twitter:data2\" content=\"6 minutes\" \/>\n<script type=\"application\/ld+json\" class=\"yoast-schema-graph\">{\"@context\":\"https:\\\/\\\/schema.org\",\"@graph\":[{\"@type\":\"Article\",\"@id\":\"https:\\\/\\\/telefilm.ca\\\/fr\\\/telefilm-canada-et-le-fonds-des-talents-accueillent-16-equipes-cinematographiques-dans-le-cadre-du-programme-talents-en-vue#article\",\"isPartOf\":{\"@id\":\"https:\\\/\\\/telefilm.ca\\\/fr\\\/telefilm-canada-et-le-fonds-des-talents-accueillent-16-equipes-cinematographiques-dans-le-cadre-du-programme-talents-en-vue\"},\"author\":{\"name\":\"mclambert\",\"@id\":\"https:\\\/\\\/telefilm.ca\\\/fr#\\\/schema\\\/person\\\/b2df98f201c3d2b4dcf99f1239b5ddb9\"},\"headline\":\"T\u00e9l\u00e9film Canada et le Fonds des talents soutiennent 16 \u00e9quipes de films dans le cadre du programme Talents en vue\",\"datePublished\":\"2022-10-24T18:00:00+00:00\",\"dateModified\":\"2026-06-15T19:14:30+00:00\",\"mainEntityOfPage\":{\"@id\":\"https:\\\/\\\/telefilm.ca\\\/fr\\\/telefilm-canada-et-le-fonds-des-talents-accueillent-16-equipes-cinematographiques-dans-le-cadre-du-programme-talents-en-vue\"},\"wordCount\":1473,\"publisher\":{\"@id\":\"https:\\\/\\\/telefilm.ca\\\/fr#organization\"},\"articleSection\":[\"Communiqu\u00e9s de presse\"],\"inLanguage\":\"fr-CA\"},{\"@type\":\"WebPage\",\"@id\":\"https:\\\/\\\/telefilm.ca\\\/fr\\\/telefilm-canada-et-le-fonds-des-talents-accueillent-16-equipes-cinematographiques-dans-le-cadre-du-programme-talents-en-vue\",\"url\":\"https:\\\/\\\/telefilm.ca\\\/fr\\\/telefilm-canada-et-le-fonds-des-talents-accueillent-16-equipes-cinematographiques-dans-le-cadre-du-programme-talents-en-vue\",\"name\":\"T\u00e9l\u00e9film Canada et le Fonds des talents soutiennent 16 \u00e9quipes de films dans le cadre du programme Talents en vue | T\u00e9l\u00e9film Canada\",\"isPartOf\":{\"@id\":\"https:\\\/\\\/telefilm.ca\\\/fr#website\"},\"datePublished\":\"2022-10-24T18:00:00+00:00\",\"dateModified\":\"2026-06-15T19:14:30+00:00\",\"breadcrumb\":{\"@id\":\"https:\\\/\\\/telefilm.ca\\\/fr\\\/telefilm-canada-et-le-fonds-des-talents-accueillent-16-equipes-cinematographiques-dans-le-cadre-du-programme-talents-en-vue#breadcrumb\"},\"inLanguage\":\"fr-CA\",\"potentialAction\":[{\"@type\":\"ReadAction\",\"target\":[\"https:\\\/\\\/telefilm.ca\\\/fr\\\/telefilm-canada-et-le-fonds-des-talents-accueillent-16-equipes-cinematographiques-dans-le-cadre-du-programme-talents-en-vue\"]}]},{\"@type\":\"BreadcrumbList\",\"@id\":\"https:\\\/\\\/telefilm.ca\\\/fr\\\/telefilm-canada-et-le-fonds-des-talents-accueillent-16-equipes-cinematographiques-dans-le-cadre-du-programme-talents-en-vue#breadcrumb\",\"itemListElement\":[{\"@type\":\"ListItem\",\"position\":1,\"name\":\"Accueil\",\"item\":\"https:\\\/\\\/telefilm.ca\\\/fr\"},{\"@type\":\"ListItem\",\"position\":2,\"name\":\"Communiqu\u00e9s de presse\",\"item\":\"https:\\\/\\\/telefilm.ca\\\/fr\\\/communiques-de-presse\"},{\"@type\":\"ListItem\",\"position\":3,\"name\":\"T\u00e9l\u00e9film Canada et le Fonds des talents soutiennent 16 \u00e9quipes de films dans le cadre du programme Talents en vue\"}]},{\"@type\":\"WebSite\",\"@id\":\"https:\\\/\\\/telefilm.ca\\\/fr#website\",\"url\":\"https:\\\/\\\/telefilm.ca\\\/fr\",\"name\":\"T\u00e9l\u00e9film Canada\",\"description\":\"Partenaire de choix\",\"publisher\":{\"@id\":\"https:\\\/\\\/telefilm.ca\\\/fr#organization\"},\"potentialAction\":[{\"@type\":\"SearchAction\",\"target\":{\"@type\":\"EntryPoint\",\"urlTemplate\":\"https:\\\/\\\/telefilm.ca\\\/fr?s={search_term_string}\"},\"query-input\":{\"@type\":\"PropertyValueSpecification\",\"valueRequired\":true,\"valueName\":\"search_term_string\"}}],\"inLanguage\":\"fr-CA\"},{\"@type\":\"Organization\",\"@id\":\"https:\\\/\\\/telefilm.ca\\\/fr#organization\",\"name\":\"Telefilm Canada\",\"url\":\"https:\\\/\\\/telefilm.ca\\\/fr\",\"logo\":{\"@type\":\"ImageObject\",\"inLanguage\":\"fr-CA\",\"@id\":\"https:\\\/\\\/telefilm.ca\\\/fr#\\\/schema\\\/logo\\\/image\\\/\",\"url\":\"https:\\\/\\\/telefilm.ca\\\/wp-content\\\/uploads\\\/2026\\\/05\\\/cropped-tfc_favicon_512.png\",\"contentUrl\":\"https:\\\/\\\/telefilm.ca\\\/wp-content\\\/uploads\\\/2026\\\/05\\\/cropped-tfc_favicon_512.png\",\"width\":512,\"height\":512,\"caption\":\"Telefilm Canada\"},\"image\":{\"@id\":\"https:\\\/\\\/telefilm.ca\\\/fr#\\\/schema\\\/logo\\\/image\\\/\"},\"sameAs\":[\"https:\\\/\\\/www.facebook.com\\\/TelefilmCanada\\\/\",\"https:\\\/\\\/x.com\\\/Telefilm_Canada\",\"https:\\\/\\\/www.instagram.com\\\/telefilm_canada\\\/\",\"https:\\\/\\\/www.linkedin.com\\\/company\\\/telefilm-canada\\\/\",\"https:\\\/\\\/www.youtube.com\\\/user\\\/telefilmcanada\"]},{\"@type\":\"Person\",\"@id\":\"https:\\\/\\\/telefilm.ca\\\/fr#\\\/schema\\\/person\\\/b2df98f201c3d2b4dcf99f1239b5ddb9\",\"name\":\"mclambert\",\"image\":{\"@type\":\"ImageObject\",\"inLanguage\":\"fr-CA\",\"@id\":\"https:\\\/\\\/secure.gravatar.com\\\/avatar\\\/d06ba0a3cc34857991847fd4226542125b12c668a10ff4ff6dfbc0545ad1324b?s=96&d=mm&r=g\",\"url\":\"https:\\\/\\\/secure.gravatar.com\\\/avatar\\\/d06ba0a3cc34857991847fd4226542125b12c668a10ff4ff6dfbc0545ad1324b?s=96&d=mm&r=g\",\"contentUrl\":\"https:\\\/\\\/secure.gravatar.com\\\/avatar\\\/d06ba0a3cc34857991847fd4226542125b12c668a10ff4ff6dfbc0545ad1324b?s=96&d=mm&r=g\",\"caption\":\"mclambert\"},\"url\":\"https:\\\/\\\/telefilm.ca\\\/fr\\\/author\\\/mclambert\"}]}<\/script>\n<!-- \/ Yoast SEO plugin. -->","yoast_head_json":{"title":"T\u00e9l\u00e9film Canada et le Fonds des talents soutiennent 16 \u00e9quipes de films dans le cadre du programme Talents en vue | T\u00e9l\u00e9film Canada","robots":{"index":"index","follow":"follow","max-snippet":"max-snippet:-1","max-image-preview":"max-image-preview:large","max-video-preview":"max-video-preview:-1"},"canonical":"https:\/\/telefilm.ca\/fr\/telefilm-canada-et-le-fonds-des-talents-accueillent-16-equipes-cinematographiques-dans-le-cadre-du-programme-talents-en-vue","og_locale":"fr_CA","og_type":"article","og_title":"T\u00e9l\u00e9film Canada et le Fonds des talents accueillent 16 \u00e9quipes cin\u00e9matographiques dans le cadre du programme Talents en vue\u00a0","og_description":"T\u00e9l\u00e9film Canada et le Fonds des talents sont heureux d\u2019annoncer la s\u00e9lection de 16 premiers longs m\u00e9trages de cin\u00e9astes \u00e9mergents ind\u00e9pendants pour l\u2019exercice financier 2022-2023 du programme Talents en vue. La somme de 3,5 millions de dollars sera investie dans ces projets par T\u00e9l\u00e9film et le Fonds des talents.","og_url":"https:\/\/telefilm.ca\/fr\/telefilm-canada-et-le-fonds-des-talents-accueillent-16-equipes-cinematographiques-dans-le-cadre-du-programme-talents-en-vue","og_site_name":"T\u00e9l\u00e9film Canada","article_publisher":"https:\/\/www.facebook.com\/TelefilmCanada\/","article_published_time":"2022-10-24T18:00:00+00:00","article_modified_time":"2026-06-15T19:14:30+00:00","og_image":[{"width":1200,"height":675,"url":"https:\/\/telefilm.ca\/wp-content\/uploads\/2026\/08\/og-image-t-1200x675-1.png","type":"image\/png"}],"author":"mclambert","twitter_card":"summary_large_image","twitter_creator":"@Telefilm_Canada","twitter_site":"@Telefilm_Canada","twitter_misc":{"\u00c9crit par":"mclambert","Estimation du temps de lecture":"6 minutes"},"schema":{"@context":"https:\/\/schema.org","@graph":[{"@type":"Article","@id":"https:\/\/telefilm.ca\/fr\/telefilm-canada-et-le-fonds-des-talents-accueillent-16-equipes-cinematographiques-dans-le-cadre-du-programme-talents-en-vue#article","isPartOf":{"@id":"https:\/\/telefilm.ca\/fr\/telefilm-canada-et-le-fonds-des-talents-accueillent-16-equipes-cinematographiques-dans-le-cadre-du-programme-talents-en-vue"},"author":{"name":"mclambert","@id":"https:\/\/telefilm.ca\/fr#\/schema\/person\/b2df98f201c3d2b4dcf99f1239b5ddb9"},"headline":"T\u00e9l\u00e9film Canada et le Fonds des talents soutiennent 16 \u00e9quipes de films dans le cadre du programme Talents en vue","datePublished":"2022-10-24T18:00:00+00:00","dateModified":"2026-06-15T19:14:30+00:00","mainEntityOfPage":{"@id":"https:\/\/telefilm.ca\/fr\/telefilm-canada-et-le-fonds-des-talents-accueillent-16-equipes-cinematographiques-dans-le-cadre-du-programme-talents-en-vue"},"wordCount":1473,"publisher":{"@id":"https:\/\/telefilm.ca\/fr#organization"},"articleSection":["Communiqu\u00e9s de presse"],"inLanguage":"fr-CA"},{"@type":"WebPage","@id":"https:\/\/telefilm.ca\/fr\/telefilm-canada-et-le-fonds-des-talents-accueillent-16-equipes-cinematographiques-dans-le-cadre-du-programme-talents-en-vue","url":"https:\/\/telefilm.ca\/fr\/telefilm-canada-et-le-fonds-des-talents-accueillent-16-equipes-cinematographiques-dans-le-cadre-du-programme-talents-en-vue","name":"T\u00e9l\u00e9film Canada et le Fonds des talents soutiennent 16 \u00e9quipes de films dans le cadre du programme Talents en vue | T\u00e9l\u00e9film Canada","isPartOf":{"@id":"https:\/\/telefilm.ca\/fr#website"},"datePublished":"2022-10-24T18:00:00+00:00","dateModified":"2026-06-15T19:14:30+00:00","breadcrumb":{"@id":"https:\/\/telefilm.ca\/fr\/telefilm-canada-et-le-fonds-des-talents-accueillent-16-equipes-cinematographiques-dans-le-cadre-du-programme-talents-en-vue#breadcrumb"},"inLanguage":"fr-CA","potentialAction":[{"@type":"ReadAction","target":["https:\/\/telefilm.ca\/fr\/telefilm-canada-et-le-fonds-des-talents-accueillent-16-equipes-cinematographiques-dans-le-cadre-du-programme-talents-en-vue"]}]},{"@type":"BreadcrumbList","@id":"https:\/\/telefilm.ca\/fr\/telefilm-canada-et-le-fonds-des-talents-accueillent-16-equipes-cinematographiques-dans-le-cadre-du-programme-talents-en-vue#breadcrumb","itemListElement":[{"@type":"ListItem","position":1,"name":"Accueil","item":"https:\/\/telefilm.ca\/fr"},{"@type":"ListItem","position":2,"name":"Communiqu\u00e9s de presse","item":"https:\/\/telefilm.ca\/fr\/communiques-de-presse"},{"@type":"ListItem","position":3,"name":"T\u00e9l\u00e9film Canada et le Fonds des talents soutiennent 16 \u00e9quipes de films dans le cadre du programme Talents en vue"}]},{"@type":"WebSite","@id":"https:\/\/telefilm.ca\/fr#website","url":"https:\/\/telefilm.ca\/fr","name":"T\u00e9l\u00e9film Canada","description":"Partenaire de choix","publisher":{"@id":"https:\/\/telefilm.ca\/fr#organization"},"potentialAction":[{"@type":"SearchAction","target":{"@type":"EntryPoint","urlTemplate":"https:\/\/telefilm.ca\/fr?s={search_term_string}"},"query-input":{"@type":"PropertyValueSpecification","valueRequired":true,"valueName":"search_term_string"}}],"inLanguage":"fr-CA"},{"@type":"Organization","@id":"https:\/\/telefilm.ca\/fr#organization","name":"Telefilm Canada","url":"https:\/\/telefilm.ca\/fr","logo":{"@type":"ImageObject","inLanguage":"fr-CA","@id":"https:\/\/telefilm.ca\/fr#\/schema\/logo\/image\/","url":"https:\/\/telefilm.ca\/wp-content\/uploads\/2026\/05\/cropped-tfc_favicon_512.png","contentUrl":"https:\/\/telefilm.ca\/wp-content\/uploads\/2026\/05\/cropped-tfc_favicon_512.png","width":512,"height":512,"caption":"Telefilm Canada"},"image":{"@id":"https:\/\/telefilm.ca\/fr#\/schema\/logo\/image\/"},"sameAs":["https:\/\/www.facebook.com\/TelefilmCanada\/","https:\/\/x.com\/Telefilm_Canada","https:\/\/www.instagram.com\/telefilm_canada\/","https:\/\/www.linkedin.com\/company\/telefilm-canada\/","https:\/\/www.youtube.com\/user\/telefilmcanada"]},{"@type":"Person","@id":"https:\/\/telefilm.ca\/fr#\/schema\/person\/b2df98f201c3d2b4dcf99f1239b5ddb9","name":"mclambert","image":{"@type":"ImageObject","inLanguage":"fr-CA","@id":"https:\/\/secure.gravatar.com\/avatar\/d06ba0a3cc34857991847fd4226542125b12c668a10ff4ff6dfbc0545ad1324b?s=96&d=mm&r=g","url":"https:\/\/secure.gravatar.com\/avatar\/d06ba0a3cc34857991847fd4226542125b12c668a10ff4ff6dfbc0545ad1324b?s=96&d=mm&r=g","contentUrl":"https:\/\/secure.gravatar.com\/avatar\/d06ba0a3cc34857991847fd4226542125b12c668a10ff4ff6dfbc0545ad1324b?s=96&d=mm&r=g","caption":"mclambert"},"url":"https:\/\/telefilm.ca\/fr\/author\/mclambert"}]}},"wpml_current_locale":"fr_CA","wpml_translations":[{"locale":"en_CA","id":127589,"post_title":"Telefilm Canada and the Talent Fund welcome 16 filmmaking teams selected under the Talent to Watch Program\u00a0","href":"https:\/\/telefilm.ca\/en\/telefilm-canada-and-the-talent-fund-welcome-16-filmmaking-teams-selected-under-the-talent-to-watch-program\/"}],"_links":{"self":[{"href":"https:\/\/telefilm.ca\/fr\/wp-json\/wp\/v2\/posts\/127591","targetHints":{"allow":["GET"]}}],"collection":[{"href":"https:\/\/telefilm.ca\/fr\/wp-json\/wp\/v2\/posts"}],"about":[{"href":"https:\/\/telefilm.ca\/fr\/wp-json\/wp\/v2\/types\/post"}],"author":[{"embeddable":true,"href":"https:\/\/telefilm.ca\/fr\/wp-json\/wp\/v2\/users\/5"}],"replies":[{"embeddable":true,"href":"https:\/\/telefilm.ca\/fr\/wp-json\/wp\/v2\/comments?post=127591"}],"version-history":[{"count":1,"href":"https:\/\/telefilm.ca\/fr\/wp-json\/wp\/v2\/posts\/127591\/revisions"}],"predecessor-version":[{"id":189938,"href":"https:\/\/telefilm.ca\/fr\/wp-json\/wp\/v2\/posts\/127591\/revisions\/189938"}],"wp:attachment":[{"href":"https:\/\/telefilm.ca\/fr\/wp-json\/wp\/v2\/media?parent=127591"}],"wp:term":[{"taxonomy":"category","embeddable":true,"href":"https:\/\/telefilm.ca\/fr\/wp-json\/wp\/v2\/categories?post=127591"},{"taxonomy":"post_tag","embeddable":true,"href":"https:\/\/telefilm.ca\/fr\/wp-json\/wp\/v2\/tags?post=127591"}],"curies":[{"name":"wp","href":"https:\/\/api.w.org\/{rel}","templated":true}]}}