{"id":149555,"date":"2024-09-23T11:54:34","date_gmt":"2024-09-23T15:54:34","guid":{"rendered":"https:\/\/telefilm.ca\/?p=149555"},"modified":"2026-06-15T15:17:13","modified_gmt":"2026-06-15T19:17:13","slug":"pour-la-premiere-fois-les-grandes-organisations-canadiennes-du-milieu-de-la-creation-et-du-financement-de-contenu-forment-une-coalition-cadre-vert-pour-reduire-de-facon-durable-limpact-environnem","status":"publish","type":"post","link":"https:\/\/telefilm.ca\/fr\/pour-la-premiere-fois-les-grandes-organisations-canadiennes-du-milieu-de-la-creation-et-du-financement-de-contenu-forment-une-coalition-cadre-vert-pour-reduire-de-facon-durable-limpact-environnem","title":{"rendered":"Pour la premi\u00e8re fois, les grandes organisations canadiennes du milieu de la cr\u00e9ation et du financement de contenu forment une coalition, Cadre vert, pour r\u00e9duire de fa\u00e7on durable l&#8217;impact environnemental de l&#8217;industrie"},"content":{"rendered":"<div class=\"editor-content\">\n<p class=\"has-lead-font-size wp-block-paragraph\">Cadre vert a pour mission de r\u00e9duire l\u2019impact environnemental de la production t\u00e9l\u00e9visuelle et cin\u00e9matographique et du financement de ces activit\u00e9s au Canada.<\/p>\n\n\n\n<p class=\"wp-block-paragraph\">De grandes soci\u00e9t\u00e9s d\u2019\u00c9tat canadiennes, des organisations financ\u00e9es par le gouvernement f\u00e9d\u00e9ral et des fonds certifi\u00e9s par le CRTC pour les contenus sur \u00e9cran ont form\u00e9 une nouvelle coalition, <a href=\"https:\/\/www.cbc.ca\/businessandrights\/production-information\/green-frame\">Cadre vert<\/a>, qui cherche \u00e0 r\u00e9duire l\u2019impact environnemental de l\u2019industrie canadienne de la production t\u00e9l\u00e9visuelle et cin\u00e9matographique. Cadre vert misera sur la collaboration pour encourager les pratiques \u00e9coresponsables tout au long du cycle de production, du moment o\u00f9 un contenu est command\u00e9 jusqu\u2019\u00e0 sa production, son financement et sa distribution.<\/p>\n\n\n\n<p class=\"wp-block-paragraph\">Le groupe est chapeaut\u00e9 par CBC\/Radio-Canada et inclut le Fonds Bell, le Bureau de l\u2019\u00e9cran des Noirs, le Fonds pour l\u2019accessibilit\u00e9 de la radiodiffusion, le Fonds canadien de l\u2019\u00e9cran ind\u00e9pendant pour les cr\u00e9ateurs afro-descendants et racis\u00e9s, le Fonds des m\u00e9dias du Canada, le Fonds ind\u00e9pendant de production, le Bureau de l\u2019\u00e9cran autochtone, l\u2019Office national du film du Canada, le Fonds Shaw-Rocket et T\u00e9l\u00e9film Canada.<\/p>\n\n\n\n<p class=\"wp-block-paragraph\">Cadre vert a pour but de faire progresser l\u2019industrie dans la voie de l\u2019\u00e9coresponsabilit\u00e9 en misant sur l\u2019harmonisation de nos actions de sorte que les cr\u00e9ateurs et les producteurs soient mieux outill\u00e9s pour mettre en place de nouvelles pratiques visant \u00e0 prot\u00e9ger l\u2019environnement. Les axes d\u2019action de Cadre vert seront les suivants :<\/p>\n\n\n\n<ul class=\"wp-block-list\">\n<li>Collaborer pour \u00e9tablir des lignes directrices, exigences, outils, pratiques exemplaires et formations, selon les besoins, afin de maximiser les retomb\u00e9es de l\u2019\u00e9coresponsabilit\u00e9 en cr\u00e9ation, production et distribution de contenus, ainsi qu\u2019afin de faciliter et d\u2019acc\u00e9l\u00e9rer ce virage et d\u2019en r\u00e9duire les co\u00fbts;<\/li>\n\n\n\n<li>Mettre en commun des ressources pour soutenir la recherche, les initiatives conjointes et l\u2019\u00e9change d\u2019information au sein de l\u2019industrie;<\/li>\n\n\n\n<li>\u00c9tablir des relations avec les communaut\u00e9s sous-repr\u00e9sent\u00e9es qui subissent de fa\u00e7on disproportionn\u00e9e les effets des changements climatiques, notamment les peuples autochtones, les personnes noires et racis\u00e9es, les personnes en situation de handicap et les communaut\u00e9s 2SLGBTQIA+;<\/li>\n\n\n\n<li>\u00c9tendre son r\u00e9seau de collaborateurs au Canada et \u00e0 l\u2019\u00e9tranger pour mieux comprendre l\u2019\u00e9coresponsabilit\u00e9, optimiser les apprentissages et agir concr\u00e8tement afin de v\u00e9ritablement changer les choses.<\/li>\n<\/ul>\n\n\n\n<p class=\"wp-block-paragraph\">En plus de poursuivre les objectifs ci-dessus, chaque organisation membre de Cadre vert s\u2019engage d\u00e8s le d\u00e9part \u00e0 produire son propre plan d\u2019\u00e9coresponsabilit\u00e9; \u00e0 rendre publics les plans d\u2019\u00e9coresponsabilit\u00e9 et les r\u00e9sultats mesur\u00e9s au moyen d\u2019une calculatrice de bilan carbone, dans la mesure de leur disponibilit\u00e9; et \u00e0 travailler de concert avec les autres membres sur une base annuelle afin d\u2019acc\u00e9l\u00e9rer la d\u00e9carbonation de la production au moyen de mesures incitatives actuelles et futures, d\u2019exigences communes et\/ou de valeurs planchers.<\/p>\n\n\n\n<p class=\"wp-block-paragraph\">Afin de maximiser les retomb\u00e9es et de limiter le plus possible les chevauchements, Cadre vert collaborera avec d\u2019autres coalitions de l\u2019industrie engag\u00e9es dans la promotion de l\u2019\u00e9coresponsabilit\u00e9, y compris les<a href=\"https:\/\/www.cbc.ca\/businessandrights\/production-information\/canadian-broadcasters-for-sustainability\"> Diffuseurs canadiens unis pour l\u2019\u00e9coresponsabilit\u00e9<\/a>, <a href=\"https:\/\/www.producingfortheplanet.com\/\">Producing for the Planet<\/a>, <a href=\"https:\/\/creativebc.com\/reel-green\/\">Reel Green<\/a>, <a href=\"https:\/\/www.ontariocreates.ca\/fr\/\">Ontario Creates<\/a> et <a href=\"https:\/\/ontournevert.com\/fr\/\">On tourne vert<\/a>.<\/p>\n\n\n\n<hr class=\"wp-block-separator has-alpha-channel-opacity\"\/>\n\n\n\n<blockquote class=\"wp-block-quote is-layout-flow wp-block-quote-is-layout-flow\">\n<p class=\"wp-block-paragraph\">\u00ab Nos m\u00e9thodes de production sont aussi importantes que les films et s\u00e9ries que nous produisons. C\u2019est pourquoi je suis ravie que dix des principaux acteurs du secteur cr\u00e9atif s\u2019engagent, avec CBC\/Radio-Canada, \u00e0 collaborer pour r\u00e9duire l\u2019empreinte environnementale de notre industrie. Ensemble, nous allons v\u00e9ritablement faire bouger les choses pour rendre notre industrie plus \u00e9coresponsable. \u00bb<\/p>\n<cite>Catherine Tait, pr\u00e9sidente-directrice g\u00e9n\u00e9rale, CBC\/Radio-Canada<\/cite><\/blockquote>\n\n\n\n<blockquote class=\"wp-block-quote is-layout-flow wp-block-quote-is-layout-flow\">\n<p class=\"wp-block-paragraph\">\u00ab Le secteur des contenus sur \u00e9cran prend un virage audacieux pour r\u00e9duire son impact environnemental. Avec Cadre vert, nous unissons nos forces pour acc\u00e9l\u00e9rer cette transformation. T\u00e9l\u00e9film s\u2019engage fermement dans cette voie \u2013 par la collaboration, l\u2019\u00e9tablissement de partenariats et le partage de connaissances afin de produire des changements concrets et durables \u2013 avec l\u2019objectif de pr\u00e9parer l\u2019avenir pour la prochaine g\u00e9n\u00e9ration de cr\u00e9ateurs. En harmonisant nos efforts et en nous soutenant les uns les autres, nous facilitons l\u2019int\u00e9gration harmonieuse de l\u2019innovation et de l\u2019\u00e9coresponsabilit\u00e9 dans notre industrie. \u00bb<\/p>\n<cite>Julie Roy, directrice g\u00e9n\u00e9rale et cheffe de la direction, T\u00e9l\u00e9film Canada<\/cite><\/blockquote>\n\n\n\n<hr class=\"wp-block-separator has-alpha-channel-opacity\"\/>\n\n\n\n<p class=\"wp-block-paragraph\"><strong>Citations<\/strong><\/p>\n\n\n\n<blockquote class=\"wp-block-quote is-layout-flow wp-block-quote-is-layout-flow\">\n<p class=\"wp-block-paragraph\">\u00ab Nous sommes fiers de nous joindre \u00e0 l\u2019initiative Cadre vert et de travailler de concert avec d\u2019autres organisations du milieu de la cr\u00e9ation de contenu sur \u00e9cran pour promouvoir l\u2019\u00e9coresponsabilit\u00e9 et r\u00e9duire notre impact environnemental. En unissant nos forces, non seulement nous stimulons l\u2019\u00e9mergence d\u2019une industrie plus verte, mais nous pr\u00e9parons aussi un avenir meilleur pour nos enfants. \u00bb<\/p>\n<cite>Agnes Augustin, pr\u00e9sidente et chef de la direction, Fonds Shaw-Rocket<\/cite><\/blockquote>\n\n\n\n<blockquote class=\"wp-block-quote is-layout-flow wp-block-quote-is-layout-flow\">\n<p class=\"wp-block-paragraph\">\u00ab L\u2019\u00e9coresponsabilit\u00e9 et l\u2019accessibilit\u00e9 constituent des objectifs charni\u00e8res r\u00e9alisables afin d\u2019assurer un environnement sain et un monde \u00e9quitable pour l\u2019ensemble des Canadiens et des Canadiennes de demain, sans \u00e9gard \u00e0 la capacit\u00e9. Cadre vert est une initiative cruciale dans cette d\u00e9marche essentielle. \u00bb<\/p>\n<cite>Richard Cavanagh, directeur g\u00e9n\u00e9ral, Fonds pour l\u2019accessibilit\u00e9 de la radiodiffusion<\/cite><\/blockquote>\n\n\n\n<blockquote class=\"wp-block-quote is-layout-flow wp-block-quote-is-layout-flow\">\n<blockquote class=\"wp-block-quote is-layout-flow wp-block-quote-is-layout-flow\">\n<p class=\"wp-block-paragraph\">\u00ab Nous soutenons les cr\u00e9ateurs et cr\u00e9atrices de contenus de notre pays, certes, mais nous avons aussi la responsabilit\u00e9 de prot\u00e9ger le monde dans lequel ces contenus r\u00e9sonnent. Avec Cadre vert, nous tra\u00e7ons une voie commune vers la production durable en nous assurant que les pratiques environnementales de notre industrie \u00e9voluent \u00e0 un rythme soutenu, comme c\u2019est le cas pour nos contenus. \u00bb<\/p>\n<cite>Valerie Creighton, pr\u00e9sidente et chef de la direction, Fonds des m\u00e9dias du Canada<\/cite><\/blockquote>\n\n\n\n<p class=\"wp-block-paragraph\">\u00ab Le Fonds Bell encourage tous les demandeurs \u00e0 prendre des mesures pour r\u00e9duire leur empreinte carbone. Nous sommes heureux de nous joindre \u00e0 l\u2019initiative Cadre vert. En collaboration avec d\u2019autres leaders et organisations, nous allons acc\u00e9l\u00e9rer la transformation n\u00e9cessaire pour continuer de faire conna\u00eetre des histoires uniques et de r\u00e9aliser des projets extraordinaires, tout en r\u00e9duisant l\u2019impact environnemental de l\u2019industrie. \u00bb<\/p>\n<cite>Marcia Douglas, directrice g\u00e9n\u00e9rale, Fonds Bell<\/cite><\/blockquote>\n\n\n\n<blockquote class=\"wp-block-quote is-layout-flow wp-block-quote-is-layout-flow\">\n<p class=\"wp-block-paragraph\">\u00ab L\u2019Office national du film est fier de prendre part \u00e0 cette importante collaboration entre institutions nationales du milieu du cin\u00e9ma, et est toujours r\u00e9solu \u00e0 r\u00e9duire l\u2019impact environnemental de ses activit\u00e9s. En travaillant tous ensemble, nous esp\u00e9rons passer collectivement \u00e0 la vitesse sup\u00e9rieure pour rendre notre industrie plus \u00e9coresponsable. \u00bb<\/p>\n<cite>Suzanne Gu\u00e8vremont, commissaire et pr\u00e9sidente, Office national du film du Canada<\/cite><\/blockquote>\n\n\n\n<blockquote class=\"wp-block-quote is-layout-flow wp-block-quote-is-layout-flow\">\n<p class=\"wp-block-paragraph\">\u00ab La cr\u00e9ation de Cadre vert marque une \u00e9tape cruciale dans l\u2019\u00e9mergence de la production durable au Canada. En unissant nos forces, nous pouvons r\u00e9duire de mani\u00e8re significative notre impact environnemental et nous assurer que toutes les voix, en particulier celles provenant de communaut\u00e9s sous-repr\u00e9sent\u00e9es, contribuent \u00e0 fa\u00e7onner un avenir plus vert pour la cr\u00e9ation de contenus. \u00bb<\/p>\n<cite>Joan Jenkinson, directrice ex\u00e9cutive, Bureau de l\u2019\u00e9cran des Noirs<\/cite><\/blockquote>\n\n\n\n<blockquote class=\"wp-block-quote is-layout-flow wp-block-quote-is-layout-flow\">\n<p class=\"wp-block-paragraph\">\u00ab Le Fonds canadien de l\u2019\u00e9cran ind\u00e9pendant pour les cr\u00e9ateurs afro-descendants et racis\u00e9s est enchant\u00e9 de se joindre \u00e0 Cadre vert et est impatient de travailler avec ses coll\u00e8gues de l\u2019industrie pour d\u00e9couvrir, faire conna\u00eetre et promouvoir des pratiques exemplaires visant \u00e0 assurer l\u2019\u00e9coresponsabilit\u00e9 de notre secteur d\u2019une fa\u00e7on \u00e9quitable pour tous. \u00bb<\/p>\n<cite>Sally Lee, directrice g\u00e9n\u00e9rale, Le Fonds canadien de l&#8217;\u00e9cran ind\u00e9pendant pour les cr\u00e9ateurs afro-descendants et racis\u00e9s<\/cite><\/blockquote>\n\n\n\n<blockquote class=\"wp-block-quote is-layout-flow wp-block-quote-is-layout-flow\">\n<p class=\"wp-block-paragraph\">\u00ab En raison de son ampleur, la crise climatique appelle une approche globale et collaborative. Le Fonds ind\u00e9pendant de production est enchant\u00e9 de travailler avec Cadre vert et d\u2019autres organisations du secteur de la t\u00e9l\u00e9vision et du cin\u00e9ma qui partagent son d\u00e9sir de diffuser des r\u00e9cits qui refl\u00e8tent le monde dans lequel nous vivons, tout en r\u00e9duisant au minimum les \u00e9missions li\u00e9es \u00e0 leur production. Nous sommes plus forts ensemble. \u00bb<\/p>\n<cite>Mark Shapland, gestionnaire adjoint et conseiller aux pratiques \u00e9coresponsables, Fonds ind\u00e9pendant de production<\/cite><\/blockquote>\n\n\n\n<blockquote class=\"wp-block-quote is-layout-flow wp-block-quote-is-layout-flow\">\n<p class=\"wp-block-paragraph\">\u00ab Pour le Bureau de l\u2019\u00e9cran autochtone, cette collaboration constitue une pr\u00e9cieuse occasion d\u2019entrer en partenariat avec des organisations majeures de l\u2019industrie qui partagent son engagement \u00e0 promouvoir des pratiques \u00e9coresponsables \u00e0 toutes les \u00e9tapes de la production. L\u2019initiative Cadre vert s\u2019arrime parfaitement au mandat du Bureau de l\u2019\u00e9cran autochtone et aux valeurs des communaut\u00e9s autochtones. \u00bb<\/p>\n<cite>Kerry Swanson, pr\u00e9sidente et chef de la direction, Bureau de l\u2019\u00e9cran autochtone<br><\/cite><\/blockquote>\n\n\n\n<p class=\"wp-block-paragraph\"><strong>\u00c0 propos<\/strong><\/p>\n\n\n\n<p class=\"wp-block-paragraph\"><strong>CBC\/Radio-Canada<\/strong><br>CBC\/Radio-Canada est le diffuseur public du Canada. Gr\u00e2ce \u00e0 notre mandat de renseigner, d\u2019\u00e9clairer et de divertir, nous jouons un r\u00f4le central pour renforcer la culture canadienne. Nous sommes la source d\u2019information de confiance au pays. Nos nouvelles, affaires publiques et affaires internationales pr\u00e9sentent un point de vue typiquement canadien. Notre programmation de divertissement, distinctive et cr\u00e9\u00e9e par les talents d\u2019ici, rassemble de larges auditoires partout au pays. Profond\u00e9ment enracin\u00e9e dans les communaut\u00e9s, CBC\/Radio-Canada offre des contenus diversifi\u00e9s en fran\u00e7ais, en anglais et en huit langues autochtones. Nous offrons \u00e9galement du contenu en espagnol, en arabe, en chinois, en pendjabi et en tagalog, ainsi que dans les deux langues officielles, par l\u2019interm\u00e9diaire de Radio Canada International (RCI). Nous demeurons \u00e0 l\u2019avant-garde du changement pour r\u00e9pondre aux besoins des Canadiennes et Canadiens \u00e0 l\u2019\u00e8re num\u00e9rique.<\/p>\n\n\n\n<p class=\"wp-block-paragraph\"><strong>Fonds Bell<\/strong><br>Le Fonds Bell est un organisme sans but lucratif reconnu en tant que fonds de production ind\u00e9pendant qui soutient la cr\u00e9ation et la production de contenu m\u00e9diatique canadien destin\u00e9 \u00e0 des auditoires tant ici qu\u2019\u00e0 l\u2019\u00e9tranger. Il est dirig\u00e9 par un conseil d\u2019administration compos\u00e9 de neuf membres ind\u00e9pendants et les bureaux sont situ\u00e9s \u00e0 Toronto et \u00e0 Montr\u00e9al. Depuis 1997, le Fonds Bell a re\u00e7u plus de 275 millions de dollars en contributions financi\u00e8res de Bell T\u00e9l\u00e9 pour soutenir les producteurs ind\u00e9pendants canadiens dans le d\u00e9veloppement et la production de contenu de qualit\u00e9.<\/p>\n\n\n\n<p class=\"wp-block-paragraph\"><strong>Bureau de l\u2019\u00e9cran des Noirs<\/strong><br>Les objectifs du Bureau de l\u2019\u00e9cran des Noirs sont de rendre les pratiques et les politiques des industries du cin\u00e9ma canadien \u00e9quitables et exemptes de racisme anti-Noirs; de travailler en collaboration avec les d\u00e9cideurs pour \u00e9laborer des outils et des strat\u00e9gies qui permettent la mobilisation et la responsabilisation au niveau du syst\u00e8me; et de permettre aux Canadiens noirs qui travaillent dans les industries du cin\u00e9ma de prosp\u00e9rer et de partager leurs histoires.<\/p>\n\n\n\n<p class=\"wp-block-paragraph\"><strong>Fonds pour l\u2019accessibilit\u00e9 de la radiodiffusion<\/strong><br>Le Fonds pour l\u2019accessibilit\u00e9 de la radiodiffusion, fond\u00e9 en 2014, est un organisme subventionnaire sans but lucratif ind\u00e9pendant et impartial qui soutient des projets novateurs contribuant de mani\u00e8re concr\u00e8te \u00e0 accro\u00eetre l\u2019accessibilit\u00e9 des contenus de radiodiffusion sur l\u2019ensemble des plateformes pour les Canadiennes et Canadiens en situation de handicap.<\/p>\n\n\n\n<p class=\"wp-block-paragraph\"><strong>Fonds ind\u00e9pendant de production<\/strong><br>Le Fonds ind\u00e9pendant de production (FIP) a \u00e9t\u00e9 cr\u00e9\u00e9 en 1991 pour offrir un soutien financier aux producteurs canadiens ind\u00e9pendants qui produisent des s\u00e9ries de fiction destin\u00e9es aux t\u00e9l\u00e9diffuseurs priv\u00e9s. En 2010, le FIP a mis sur pied un programme exp\u00e9rimental pour le financement de s\u00e9ries de fiction pour le web. Ce programme a \u00e9t\u00e9 prolong\u00e9 ind\u00e9finiment et continue \u00e0 soutenir financi\u00e8rement la cr\u00e9ation de contenus de fiction pour le web. De plus, le FIP offre depuis 2020 du soutien financier pour le d\u00e9veloppement de s\u00e9ries de fiction de format court. En 2018, le financement pour les s\u00e9ries de fiction diffus\u00e9es \u00e0 la t\u00e9l\u00e9vision a \u00e9t\u00e9 r\u00e9tabli.<\/p>\n\n\n\n<p class=\"wp-block-paragraph\"><strong>Bureau de l\u2019\u00e9cran autochtone<\/strong><br>Le Bureau de l\u2019e\u0301cran autochtone (BEA) est un organisme national inde\u0301pendant de financement et de sensibilisation au service des cre\u0301ateur\u00b7trices de contenu audiovisuel des Premie\u0300res Nations, inuit\u00b7es et m\u00e9tis\u00b7ses du Canada. La mission du BEA consiste a\u0300 promouvoir et a\u0300 soutenir la souverainet\u00e9 narrative et la revitalisation culturelle des peuples autochtones en am\u00e9liorant leur repr\u00e9sentation \u00e0 l\u2019\u00e9cran, en faisant la promotion des valeurs autochtones et en augmentant leur participation au sein de l\u2019industrie de la production de contenu audiovisuel.<\/p>\n\n\n\n<p class=\"wp-block-paragraph\"><strong>Office national du film du Canada<br><\/strong>Fond\u00e9 en 1939 et unique en son genre, l\u2019Office national du film du Canada (ONF) produit, coproduit et distribue des documentaires et des films d\u2019animation distinctifs, engageants, pertinents et innovants. Incubateur de talents, il est un des plus grands laboratoires de cr\u00e9ation au monde. Depuis plus de huit d\u00e9cennies, l\u2019ONF permet aux Canadiennes et aux Canadiens de se raconter et de se rencontrer. Ses films sont de plus une ressource \u00e9ducative fiable et accessible. L\u2019ONF poss\u00e8de \u00e9galement une expertise reconnue mondialement en pr\u00e9servation et en conservation, en plus d\u2019une riche collection vivante d\u2019\u0153uvres qui constituent un pilier important du patrimoine culturel du Canada. Jusqu\u2019\u00e0 maintenant, l\u2019ONF a produit plus de 14 000 \u0153uvres, dont 6500 sont accessibles gratuitement en ligne sur onf.ca. L\u2019ONF ainsi que ses productions et coproductions ont remport\u00e9 au-del\u00e0 de 7000 prix, dont 11 Oscars et un Oscar honorifique r\u00e9compensant l\u2019excellence de l\u2019organisation dans toutes les sph\u00e8res de la cin\u00e9matographie.<\/p>\n\n\n\n<p class=\"wp-block-paragraph\"><strong>Fonds Shaw-Rocket<\/strong><br>Le Fonds Shaw-Rocket est un partenaire essentiel du secteur canadien des m\u00e9dias pour enfants qui offre du contenu jeunesse robuste et de premier ordre sur toutes les plateformes. Il finance et soutient les productions canadiennes qui refl\u00e8tent les valeurs et la diversit\u00e9 canadiennes et, surtout, qui respectent les enfants et s\u2019adressent \u00e0 eux, tout en mettant en valeur le leadership du Canada sur la sc\u00e8ne internationale. Collaborant avec les producteurs, les organismes de r\u00e9glementation et les gouvernements, le Fonds Shaw-Rocket vise \u00e0 faire du contenu jeunesse de qualit\u00e9 une priorit\u00e9 mondiale. Depuis sa mise sur pied, le Fonds Shaw-Rocket a investi plus de 281 millions de dollars pour soutenir la production de contenu canadien pour les enfants, leur famille et les jeunes auditoires partout dans le monde. Pour en savoir plus, visitez <a href=\"http:\/\/rocketfund.ca\/fr\">rocketfund.ca\/fr<\/a>.<\/p>\n\n\n\n<p class=\"wp-block-paragraph\"><strong>T\u00e9l\u00e9film Canada<br><\/strong>En tant que partenaire de choix, T\u00e9l\u00e9film Canada est une soci\u00e9t\u00e9 d\u2019\u00c9tat vou\u00e9e \u00e0 la r\u00e9ussite de l\u2019industrie audiovisuelle canadienne, qui favorise l\u2019acc\u00e8s et l\u2019excellence en offrant des<br>programmes qui appuient la r\u00e9sonance culturelle et l\u2019engagement du public. T\u00e9l\u00e9film soutient les entreprises dynamiques et les talents cr\u00e9atifs au pays et dans le monde, en consid\u00e9rant toujours ses objectifs d\u2019\u00e9quit\u00e9, d\u2019inclusion et de durabilit\u00e9. De plus, elle formule des recommandations aupr\u00e8s du minist\u00e8re du Patrimoine canadien concernant la certification des coproductions audiovisuelles r\u00e9gies par des trait\u00e9s, et elle administre les programmes du Fonds des m\u00e9dias du Canada. Lanc\u00e9 en 2012, le Fonds des talents accepte des dons priv\u00e9s qui servent principalement \u00e0 soutenir les talents \u00e9mergents. Visitez <a href=\"http:\/\/telefilm.ca\">telefilm.ca<\/a> et suivez-nous sur X \u00e0 <a href=\"http:\/\/x.com\/Telefilm_Canada\">x.com\/Telefilm_Canada<\/a> et Facebook \u00e0 <a href=\"http:\/\/facebook.com\/TelefilmCanada.FR\">facebook.com\/TelefilmCanada.FR<\/a>.<\/p>\n\n\n\n<p class=\"wp-block-paragraph\">-30-\u202f\u202f&nbsp;<\/p>\n\n\n\n<p class=\"wp-block-paragraph\"><strong>Personne ressource pour les m\u00e9dias<\/strong>&nbsp;<br><br><strong>Sarah Lezmy\u202f&nbsp;<\/strong><br>Conseill\u00e8re, relations publiques\u202f&nbsp;&#8211; T\u00e9l\u00e9film Canada\u202f\u202f&nbsp;<br><a href=\"mailto:Sarah.Lezmy@telefilm.ca\" target=\"_blank\" rel=\"noreferrer noopener\">Sarah.Lezmy@telefilm.ca<\/a>&nbsp;<\/p>\n\n\n\n<p class=\"wp-block-paragraph\"><strong>Dennisha Rollins<\/strong><br>Adjointe de direction &#8211; Bureau de l\u2019\u00e9cran des Noirs<br><a href=\"mailto:assistant@bso-ben.ca\">assistant@bso-ben.ca<\/a><\/p>\n\n\n\n<p class=\"wp-block-paragraph\"><strong>Richard Cavanagh<\/strong><br>Chef de la direction &#8211; Fonds pour l\u2019accessibilit\u00e9 de la radiodiffusion<br><a href=\"mailto:richard@baf-far.ca\">richard@baf-far.ca<\/a>, 613 915-5575<\/p>\n\n\n\n<p class=\"wp-block-paragraph\"><strong>Jean-Fran\u00e7ois D. O&#8217;Bomsawin<\/strong><br>Chef de Marketing et Communications &#8211; Bureau de l\u2019\u00e9cran autochtone<br><a href=\"mailto:jfobomsawin@iso-bea.ca\">jfobomsawin@iso-bea.ca<\/a><\/p>\n\n\n\n<p class=\"wp-block-paragraph\"><strong>Mark Shapland<\/strong><br>Gestionnaire adjoint et conseiller aux pratiques \u00e9coresponsables &#8211; Fonds ind\u00e9pendant de production<br><a href=\"mailto:mshapland@ipf.ca\">mshapland@ipf.ca<\/a><\/p>\n\n\n\n<p class=\"wp-block-paragraph\"><strong>Lily Robert<\/strong><br>Directrice des communications et affaires publiques &#8211; Office national du film du Canada<br><a href=\"mailto:l.robert@nfb.ca\">l.robert@nfb.ca<\/a>, 514-296-8261<\/p>\n\n\n\n<p class=\"wp-block-paragraph\"><strong>Eric Wright<\/strong><br>Premier sp\u00e9cialiste, Relations m\u00e9dias &#8211; CBC\/Radio-Canada<br><a href=\"mailto:eric.wright@radio-canada.ca\">eric.wright@radio-canada.ca<\/a><\/p>\n<\/div>","protected":false},"excerpt":{"rendered":"<p>Cadre vert a pour mission de r\u00e9duire l\u2019impact environnemental de la production t\u00e9l\u00e9visuelle et cin\u00e9matographique et du financement de ces activit\u00e9s au Canada. De grandes soci\u00e9t\u00e9s d\u2019\u00c9tat canadiennes, des organisations financ\u00e9es par le gouvernement f\u00e9d\u00e9ral et des fonds certifi\u00e9s par le CRTC pour les contenus sur \u00e9cran ont form\u00e9 une nouvelle coalition, Cadre vert, qui [&hellip;]<\/p>\n","protected":false},"author":28,"featured_media":0,"comment_status":"closed","ping_status":"closed","sticky":false,"template":"","format":"standard","meta":{"_acf_changed":false,"footnotes":""},"categories":[2],"tags":[],"class_list":["post-149555","post","type-post","status-publish","format-standard","hentry","category-communiques-de-presse"],"acf":{"liens":null},"yoast_head":"<!-- This site is optimized with the Yoast SEO plugin v28.4 - https:\/\/yoast.com\/product\/yoast-seo-wordpress\/ -->\n<title>Pour la premi\u00e8re fois, les grandes organisations canadiennes du milieu de la cr\u00e9ation et du financement de contenu forment une coalition, Cadre vert, pour r\u00e9duire de fa\u00e7on durable l&#039;impact environnemental de l&#039;industrie | T\u00e9l\u00e9film Canada<\/title>\n<meta name=\"description\" content=\"Cadre vert a pour mission de r\u00e9duire l\u2019impact environnemental de la production t\u00e9l\u00e9visuelle et cin\u00e9matographique et du financement de ces activit\u00e9s au Canada.\" \/>\n<meta name=\"robots\" content=\"index, follow, max-snippet:-1, max-image-preview:large, max-video-preview:-1\" \/>\n<link rel=\"canonical\" href=\"https:\/\/telefilm.ca\/fr\/pour-la-premiere-fois-les-grandes-organisations-canadiennes-du-milieu-de-la-creation-et-du-financement-de-contenu-forment-une-coalition-cadre-vert-pour-reduire-de-facon-durable-limpact-environnem\" \/>\n<meta property=\"og:locale\" content=\"fr_CA\" \/>\n<meta property=\"og:type\" content=\"article\" \/>\n<meta property=\"og:title\" content=\"Pour la premi\u00e8re fois, les grandes organisations canadiennes du milieu de la cr\u00e9ation et du financement de contenu forment une coalition, Cadre vert, pour r\u00e9duire de fa\u00e7on durable l&#039;impact environnemental de l&#039;industrie | T\u00e9l\u00e9film Canada\" \/>\n<meta property=\"og:description\" content=\"Cadre vert a pour mission de r\u00e9duire l\u2019impact environnemental de la production t\u00e9l\u00e9visuelle et cin\u00e9matographique et du financement de ces activit\u00e9s au Canada.\" \/>\n<meta property=\"og:url\" content=\"https:\/\/telefilm.ca\/fr\/pour-la-premiere-fois-les-grandes-organisations-canadiennes-du-milieu-de-la-creation-et-du-financement-de-contenu-forment-une-coalition-cadre-vert-pour-reduire-de-facon-durable-limpact-environnem\" \/>\n<meta property=\"og:site_name\" content=\"T\u00e9l\u00e9film Canada\" \/>\n<meta property=\"article:publisher\" content=\"https:\/\/www.facebook.com\/TelefilmCanada\/\" \/>\n<meta property=\"article:published_time\" content=\"2024-09-23T15:54:34+00:00\" \/>\n<meta property=\"article:modified_time\" content=\"2026-06-15T19:17:13+00:00\" \/>\n<meta property=\"og:image\" content=\"https:\/\/telefilm.ca\/wp-content\/uploads\/2026\/08\/og-image-t-1200x675-1.png\" \/>\n\t<meta property=\"og:image:width\" content=\"1200\" \/>\n\t<meta property=\"og:image:height\" content=\"675\" \/>\n\t<meta property=\"og:image:type\" content=\"image\/png\" \/>\n<meta name=\"author\" content=\"Lucie\" \/>\n<meta name=\"twitter:card\" content=\"summary_large_image\" \/>\n<meta name=\"twitter:creator\" content=\"@Telefilm_Canada\" \/>\n<meta name=\"twitter:site\" content=\"@Telefilm_Canada\" \/>\n<meta name=\"twitter:label1\" content=\"\u00c9crit par\" \/>\n\t<meta name=\"twitter:data1\" content=\"Lucie\" \/>\n\t<meta name=\"twitter:label2\" content=\"Estimation du temps de lecture\" \/>\n\t<meta name=\"twitter:data2\" content=\"8 minutes\" \/>\n<script type=\"application\/ld+json\" class=\"yoast-schema-graph\">{\"@context\":\"https:\\\/\\\/schema.org\",\"@graph\":[{\"@type\":\"Article\",\"@id\":\"https:\\\/\\\/telefilm.ca\\\/fr\\\/pour-la-premiere-fois-les-grandes-organisations-canadiennes-du-milieu-de-la-creation-et-du-financement-de-contenu-forment-une-coalition-cadre-vert-pour-reduire-de-facon-durable-limpact-environnem#article\",\"isPartOf\":{\"@id\":\"https:\\\/\\\/telefilm.ca\\\/fr\\\/pour-la-premiere-fois-les-grandes-organisations-canadiennes-du-milieu-de-la-creation-et-du-financement-de-contenu-forment-une-coalition-cadre-vert-pour-reduire-de-facon-durable-limpact-environnem\"},\"author\":{\"name\":\"Lucie\",\"@id\":\"https:\\\/\\\/telefilm.ca\\\/fr#\\\/schema\\\/person\\\/ed2048fa2d9c964dafb5424400916a2f\"},\"headline\":\"Pour la premi\u00e8re fois, les grandes organisations canadiennes du milieu de la cr\u00e9ation et du financement de contenu forment une coalition, Cadre vert, pour r\u00e9duire de fa\u00e7on durable l&#8217;impact environnemental de l&#8217;industrie\",\"datePublished\":\"2024-09-23T15:54:34+00:00\",\"dateModified\":\"2026-06-15T19:17:13+00:00\",\"mainEntityOfPage\":{\"@id\":\"https:\\\/\\\/telefilm.ca\\\/fr\\\/pour-la-premiere-fois-les-grandes-organisations-canadiennes-du-milieu-de-la-creation-et-du-financement-de-contenu-forment-une-coalition-cadre-vert-pour-reduire-de-facon-durable-limpact-environnem\"},\"wordCount\":2685,\"publisher\":{\"@id\":\"https:\\\/\\\/telefilm.ca\\\/fr#organization\"},\"articleSection\":[\"Communiqu\u00e9s de presse\"],\"inLanguage\":\"fr-CA\"},{\"@type\":\"WebPage\",\"@id\":\"https:\\\/\\\/telefilm.ca\\\/fr\\\/pour-la-premiere-fois-les-grandes-organisations-canadiennes-du-milieu-de-la-creation-et-du-financement-de-contenu-forment-une-coalition-cadre-vert-pour-reduire-de-facon-durable-limpact-environnem\",\"url\":\"https:\\\/\\\/telefilm.ca\\\/fr\\\/pour-la-premiere-fois-les-grandes-organisations-canadiennes-du-milieu-de-la-creation-et-du-financement-de-contenu-forment-une-coalition-cadre-vert-pour-reduire-de-facon-durable-limpact-environnem\",\"name\":\"Pour la premi\u00e8re fois, les grandes organisations canadiennes du milieu de la cr\u00e9ation et du financement de contenu forment une coalition, Cadre vert, pour r\u00e9duire de fa\u00e7on durable l'impact environnemental de l'industrie | T\u00e9l\u00e9film Canada\",\"isPartOf\":{\"@id\":\"https:\\\/\\\/telefilm.ca\\\/fr#website\"},\"datePublished\":\"2024-09-23T15:54:34+00:00\",\"dateModified\":\"2026-06-15T19:17:13+00:00\",\"description\":\"Cadre vert a pour mission de r\u00e9duire l\u2019impact environnemental de la production t\u00e9l\u00e9visuelle et cin\u00e9matographique et du financement de ces activit\u00e9s au Canada.\",\"breadcrumb\":{\"@id\":\"https:\\\/\\\/telefilm.ca\\\/fr\\\/pour-la-premiere-fois-les-grandes-organisations-canadiennes-du-milieu-de-la-creation-et-du-financement-de-contenu-forment-une-coalition-cadre-vert-pour-reduire-de-facon-durable-limpact-environnem#breadcrumb\"},\"inLanguage\":\"fr-CA\",\"potentialAction\":[{\"@type\":\"ReadAction\",\"target\":[\"https:\\\/\\\/telefilm.ca\\\/fr\\\/pour-la-premiere-fois-les-grandes-organisations-canadiennes-du-milieu-de-la-creation-et-du-financement-de-contenu-forment-une-coalition-cadre-vert-pour-reduire-de-facon-durable-limpact-environnem\"]}]},{\"@type\":\"BreadcrumbList\",\"@id\":\"https:\\\/\\\/telefilm.ca\\\/fr\\\/pour-la-premiere-fois-les-grandes-organisations-canadiennes-du-milieu-de-la-creation-et-du-financement-de-contenu-forment-une-coalition-cadre-vert-pour-reduire-de-facon-durable-limpact-environnem#breadcrumb\",\"itemListElement\":[{\"@type\":\"ListItem\",\"position\":1,\"name\":\"Accueil\",\"item\":\"https:\\\/\\\/telefilm.ca\\\/fr\"},{\"@type\":\"ListItem\",\"position\":2,\"name\":\"Communiqu\u00e9s de presse\",\"item\":\"https:\\\/\\\/telefilm.ca\\\/fr\\\/communiques-de-presse\"},{\"@type\":\"ListItem\",\"position\":3,\"name\":\"Pour la premi\u00e8re fois, les grandes organisations canadiennes du milieu de la cr\u00e9ation et du financement de contenu forment une coalition, Cadre vert, pour r\u00e9duire de fa\u00e7on durable l&#8217;impact environnemental de l&#8217;industrie\"}]},{\"@type\":\"WebSite\",\"@id\":\"https:\\\/\\\/telefilm.ca\\\/fr#website\",\"url\":\"https:\\\/\\\/telefilm.ca\\\/fr\",\"name\":\"T\u00e9l\u00e9film Canada\",\"description\":\"Partenaire de choix\",\"publisher\":{\"@id\":\"https:\\\/\\\/telefilm.ca\\\/fr#organization\"},\"potentialAction\":[{\"@type\":\"SearchAction\",\"target\":{\"@type\":\"EntryPoint\",\"urlTemplate\":\"https:\\\/\\\/telefilm.ca\\\/fr?s={search_term_string}\"},\"query-input\":{\"@type\":\"PropertyValueSpecification\",\"valueRequired\":true,\"valueName\":\"search_term_string\"}}],\"inLanguage\":\"fr-CA\"},{\"@type\":\"Organization\",\"@id\":\"https:\\\/\\\/telefilm.ca\\\/fr#organization\",\"name\":\"Telefilm Canada\",\"url\":\"https:\\\/\\\/telefilm.ca\\\/fr\",\"logo\":{\"@type\":\"ImageObject\",\"inLanguage\":\"fr-CA\",\"@id\":\"https:\\\/\\\/telefilm.ca\\\/fr#\\\/schema\\\/logo\\\/image\\\/\",\"url\":\"https:\\\/\\\/telefilm.ca\\\/wp-content\\\/uploads\\\/2026\\\/05\\\/cropped-tfc_favicon_512.png\",\"contentUrl\":\"https:\\\/\\\/telefilm.ca\\\/wp-content\\\/uploads\\\/2026\\\/05\\\/cropped-tfc_favicon_512.png\",\"width\":512,\"height\":512,\"caption\":\"Telefilm Canada\"},\"image\":{\"@id\":\"https:\\\/\\\/telefilm.ca\\\/fr#\\\/schema\\\/logo\\\/image\\\/\"},\"sameAs\":[\"https:\\\/\\\/www.facebook.com\\\/TelefilmCanada\\\/\",\"https:\\\/\\\/x.com\\\/Telefilm_Canada\",\"https:\\\/\\\/www.instagram.com\\\/telefilm_canada\\\/\",\"https:\\\/\\\/www.linkedin.com\\\/company\\\/telefilm-canada\\\/\",\"https:\\\/\\\/www.youtube.com\\\/user\\\/telefilmcanada\"]},{\"@type\":\"Person\",\"@id\":\"https:\\\/\\\/telefilm.ca\\\/fr#\\\/schema\\\/person\\\/ed2048fa2d9c964dafb5424400916a2f\",\"name\":\"Lucie\",\"image\":{\"@type\":\"ImageObject\",\"inLanguage\":\"fr-CA\",\"@id\":\"https:\\\/\\\/secure.gravatar.com\\\/avatar\\\/af13e22aef6137865e6ffa5816e67a03cfdf6ae550df5686f1c3f7ae61f87df8?s=96&d=mm&r=g\",\"url\":\"https:\\\/\\\/secure.gravatar.com\\\/avatar\\\/af13e22aef6137865e6ffa5816e67a03cfdf6ae550df5686f1c3f7ae61f87df8?s=96&d=mm&r=g\",\"contentUrl\":\"https:\\\/\\\/secure.gravatar.com\\\/avatar\\\/af13e22aef6137865e6ffa5816e67a03cfdf6ae550df5686f1c3f7ae61f87df8?s=96&d=mm&r=g\",\"caption\":\"Lucie\"},\"url\":\"https:\\\/\\\/telefilm.ca\\\/fr\\\/author\\\/lucie\"}]}<\/script>\n<!-- \/ Yoast SEO plugin. -->","yoast_head_json":{"title":"Pour la premi\u00e8re fois, les grandes organisations canadiennes du milieu de la cr\u00e9ation et du financement de contenu forment une coalition, Cadre vert, pour r\u00e9duire de fa\u00e7on durable l'impact environnemental de l'industrie | T\u00e9l\u00e9film Canada","description":"Cadre vert a pour mission de r\u00e9duire l\u2019impact environnemental de la production t\u00e9l\u00e9visuelle et cin\u00e9matographique et du financement de ces activit\u00e9s au Canada.","robots":{"index":"index","follow":"follow","max-snippet":"max-snippet:-1","max-image-preview":"max-image-preview:large","max-video-preview":"max-video-preview:-1"},"canonical":"https:\/\/telefilm.ca\/fr\/pour-la-premiere-fois-les-grandes-organisations-canadiennes-du-milieu-de-la-creation-et-du-financement-de-contenu-forment-une-coalition-cadre-vert-pour-reduire-de-facon-durable-limpact-environnem","og_locale":"fr_CA","og_type":"article","og_title":"Pour la premi\u00e8re fois, les grandes organisations canadiennes du milieu de la cr\u00e9ation et du financement de contenu forment une coalition, Cadre vert, pour r\u00e9duire de fa\u00e7on durable l'impact environnemental de l'industrie | T\u00e9l\u00e9film Canada","og_description":"Cadre vert a pour mission de r\u00e9duire l\u2019impact environnemental de la production t\u00e9l\u00e9visuelle et cin\u00e9matographique et du financement de ces activit\u00e9s au Canada.","og_url":"https:\/\/telefilm.ca\/fr\/pour-la-premiere-fois-les-grandes-organisations-canadiennes-du-milieu-de-la-creation-et-du-financement-de-contenu-forment-une-coalition-cadre-vert-pour-reduire-de-facon-durable-limpact-environnem","og_site_name":"T\u00e9l\u00e9film Canada","article_publisher":"https:\/\/www.facebook.com\/TelefilmCanada\/","article_published_time":"2024-09-23T15:54:34+00:00","article_modified_time":"2026-06-15T19:17:13+00:00","og_image":[{"width":1200,"height":675,"url":"https:\/\/telefilm.ca\/wp-content\/uploads\/2026\/08\/og-image-t-1200x675-1.png","type":"image\/png"}],"author":"Lucie","twitter_card":"summary_large_image","twitter_creator":"@Telefilm_Canada","twitter_site":"@Telefilm_Canada","twitter_misc":{"\u00c9crit par":"Lucie","Estimation du temps de lecture":"8 minutes"},"schema":{"@context":"https:\/\/schema.org","@graph":[{"@type":"Article","@id":"https:\/\/telefilm.ca\/fr\/pour-la-premiere-fois-les-grandes-organisations-canadiennes-du-milieu-de-la-creation-et-du-financement-de-contenu-forment-une-coalition-cadre-vert-pour-reduire-de-facon-durable-limpact-environnem#article","isPartOf":{"@id":"https:\/\/telefilm.ca\/fr\/pour-la-premiere-fois-les-grandes-organisations-canadiennes-du-milieu-de-la-creation-et-du-financement-de-contenu-forment-une-coalition-cadre-vert-pour-reduire-de-facon-durable-limpact-environnem"},"author":{"name":"Lucie","@id":"https:\/\/telefilm.ca\/fr#\/schema\/person\/ed2048fa2d9c964dafb5424400916a2f"},"headline":"Pour la premi\u00e8re fois, les grandes organisations canadiennes du milieu de la cr\u00e9ation et du financement de contenu forment une coalition, Cadre vert, pour r\u00e9duire de fa\u00e7on durable l&#8217;impact environnemental de l&#8217;industrie","datePublished":"2024-09-23T15:54:34+00:00","dateModified":"2026-06-15T19:17:13+00:00","mainEntityOfPage":{"@id":"https:\/\/telefilm.ca\/fr\/pour-la-premiere-fois-les-grandes-organisations-canadiennes-du-milieu-de-la-creation-et-du-financement-de-contenu-forment-une-coalition-cadre-vert-pour-reduire-de-facon-durable-limpact-environnem"},"wordCount":2685,"publisher":{"@id":"https:\/\/telefilm.ca\/fr#organization"},"articleSection":["Communiqu\u00e9s de presse"],"inLanguage":"fr-CA"},{"@type":"WebPage","@id":"https:\/\/telefilm.ca\/fr\/pour-la-premiere-fois-les-grandes-organisations-canadiennes-du-milieu-de-la-creation-et-du-financement-de-contenu-forment-une-coalition-cadre-vert-pour-reduire-de-facon-durable-limpact-environnem","url":"https:\/\/telefilm.ca\/fr\/pour-la-premiere-fois-les-grandes-organisations-canadiennes-du-milieu-de-la-creation-et-du-financement-de-contenu-forment-une-coalition-cadre-vert-pour-reduire-de-facon-durable-limpact-environnem","name":"Pour la premi\u00e8re fois, les grandes organisations canadiennes du milieu de la cr\u00e9ation et du financement de contenu forment une coalition, Cadre vert, pour r\u00e9duire de fa\u00e7on durable l'impact environnemental de l'industrie | T\u00e9l\u00e9film Canada","isPartOf":{"@id":"https:\/\/telefilm.ca\/fr#website"},"datePublished":"2024-09-23T15:54:34+00:00","dateModified":"2026-06-15T19:17:13+00:00","description":"Cadre vert a pour mission de r\u00e9duire l\u2019impact environnemental de la production t\u00e9l\u00e9visuelle et cin\u00e9matographique et du financement de ces activit\u00e9s au Canada.","breadcrumb":{"@id":"https:\/\/telefilm.ca\/fr\/pour-la-premiere-fois-les-grandes-organisations-canadiennes-du-milieu-de-la-creation-et-du-financement-de-contenu-forment-une-coalition-cadre-vert-pour-reduire-de-facon-durable-limpact-environnem#breadcrumb"},"inLanguage":"fr-CA","potentialAction":[{"@type":"ReadAction","target":["https:\/\/telefilm.ca\/fr\/pour-la-premiere-fois-les-grandes-organisations-canadiennes-du-milieu-de-la-creation-et-du-financement-de-contenu-forment-une-coalition-cadre-vert-pour-reduire-de-facon-durable-limpact-environnem"]}]},{"@type":"BreadcrumbList","@id":"https:\/\/telefilm.ca\/fr\/pour-la-premiere-fois-les-grandes-organisations-canadiennes-du-milieu-de-la-creation-et-du-financement-de-contenu-forment-une-coalition-cadre-vert-pour-reduire-de-facon-durable-limpact-environnem#breadcrumb","itemListElement":[{"@type":"ListItem","position":1,"name":"Accueil","item":"https:\/\/telefilm.ca\/fr"},{"@type":"ListItem","position":2,"name":"Communiqu\u00e9s de presse","item":"https:\/\/telefilm.ca\/fr\/communiques-de-presse"},{"@type":"ListItem","position":3,"name":"Pour la premi\u00e8re fois, les grandes organisations canadiennes du milieu de la cr\u00e9ation et du financement de contenu forment une coalition, Cadre vert, pour r\u00e9duire de fa\u00e7on durable l&#8217;impact environnemental de l&#8217;industrie"}]},{"@type":"WebSite","@id":"https:\/\/telefilm.ca\/fr#website","url":"https:\/\/telefilm.ca\/fr","name":"T\u00e9l\u00e9film Canada","description":"Partenaire de choix","publisher":{"@id":"https:\/\/telefilm.ca\/fr#organization"},"potentialAction":[{"@type":"SearchAction","target":{"@type":"EntryPoint","urlTemplate":"https:\/\/telefilm.ca\/fr?s={search_term_string}"},"query-input":{"@type":"PropertyValueSpecification","valueRequired":true,"valueName":"search_term_string"}}],"inLanguage":"fr-CA"},{"@type":"Organization","@id":"https:\/\/telefilm.ca\/fr#organization","name":"Telefilm Canada","url":"https:\/\/telefilm.ca\/fr","logo":{"@type":"ImageObject","inLanguage":"fr-CA","@id":"https:\/\/telefilm.ca\/fr#\/schema\/logo\/image\/","url":"https:\/\/telefilm.ca\/wp-content\/uploads\/2026\/05\/cropped-tfc_favicon_512.png","contentUrl":"https:\/\/telefilm.ca\/wp-content\/uploads\/2026\/05\/cropped-tfc_favicon_512.png","width":512,"height":512,"caption":"Telefilm Canada"},"image":{"@id":"https:\/\/telefilm.ca\/fr#\/schema\/logo\/image\/"},"sameAs":["https:\/\/www.facebook.com\/TelefilmCanada\/","https:\/\/x.com\/Telefilm_Canada","https:\/\/www.instagram.com\/telefilm_canada\/","https:\/\/www.linkedin.com\/company\/telefilm-canada\/","https:\/\/www.youtube.com\/user\/telefilmcanada"]},{"@type":"Person","@id":"https:\/\/telefilm.ca\/fr#\/schema\/person\/ed2048fa2d9c964dafb5424400916a2f","name":"Lucie","image":{"@type":"ImageObject","inLanguage":"fr-CA","@id":"https:\/\/secure.gravatar.com\/avatar\/af13e22aef6137865e6ffa5816e67a03cfdf6ae550df5686f1c3f7ae61f87df8?s=96&d=mm&r=g","url":"https:\/\/secure.gravatar.com\/avatar\/af13e22aef6137865e6ffa5816e67a03cfdf6ae550df5686f1c3f7ae61f87df8?s=96&d=mm&r=g","contentUrl":"https:\/\/secure.gravatar.com\/avatar\/af13e22aef6137865e6ffa5816e67a03cfdf6ae550df5686f1c3f7ae61f87df8?s=96&d=mm&r=g","caption":"Lucie"},"url":"https:\/\/telefilm.ca\/fr\/author\/lucie"}]}},"wpml_current_locale":"fr_CA","wpml_translations":[{"locale":"en_CA","id":149554,"post_title":"For the first time, Canada\u2019s major content organizations and financiers forge a coalition called \u201cGreen Frame\u201d to shrink the industry\u2019s environmental impact and make a sustainable difference","href":"https:\/\/telefilm.ca\/en\/for-the-first-time-canadas-major-content-organizations-and-financiers-forge-a-coalition-called-green-frame-to-shrink-the-industrys-environmental-impact-and-make-a-sustainable-difference\/"}],"_links":{"self":[{"href":"https:\/\/telefilm.ca\/fr\/wp-json\/wp\/v2\/posts\/149555","targetHints":{"allow":["GET"]}}],"collection":[{"href":"https:\/\/telefilm.ca\/fr\/wp-json\/wp\/v2\/posts"}],"about":[{"href":"https:\/\/telefilm.ca\/fr\/wp-json\/wp\/v2\/types\/post"}],"author":[{"embeddable":true,"href":"https:\/\/telefilm.ca\/fr\/wp-json\/wp\/v2\/users\/28"}],"replies":[{"embeddable":true,"href":"https:\/\/telefilm.ca\/fr\/wp-json\/wp\/v2\/comments?post=149555"}],"version-history":[{"count":1,"href":"https:\/\/telefilm.ca\/fr\/wp-json\/wp\/v2\/posts\/149555\/revisions"}],"predecessor-version":[{"id":190147,"href":"https:\/\/telefilm.ca\/fr\/wp-json\/wp\/v2\/posts\/149555\/revisions\/190147"}],"wp:attachment":[{"href":"https:\/\/telefilm.ca\/fr\/wp-json\/wp\/v2\/media?parent=149555"}],"wp:term":[{"taxonomy":"category","embeddable":true,"href":"https:\/\/telefilm.ca\/fr\/wp-json\/wp\/v2\/categories?post=149555"},{"taxonomy":"post_tag","embeddable":true,"href":"https:\/\/telefilm.ca\/fr\/wp-json\/wp\/v2\/tags?post=149555"}],"curies":[{"name":"wp","href":"https:\/\/api.w.org\/{rel}","templated":true}]}}