{"id":3337,"date":"2021-03-30T16:18:59","date_gmt":"2021-03-30T16:18:59","guid":{"rendered":"https:\/\/telefilm.ca\/telefilm-canada-lance-la-serie-le-film-canadien-de-la-semaine-sur-lappli-apple-tv"},"modified":"2026-06-15T15:01:49","modified_gmt":"2026-06-15T19:01:49","slug":"telefilm-canada-lance-la-serie-le-film-canadien-de-la-semaine-sur-lappli-apple-tv","status":"publish","type":"post","link":"https:\/\/telefilm.ca\/fr\/telefilm-canada-lance-la-serie-le-film-canadien-de-la-semaine-sur-lappli-apple-tv","title":{"rendered":"T\u00e9l\u00e9film Canada lance la s\u00e9rie \u00ab Le film canadien de la semaine \u00bb sur l\u2019appli Apple TV"},"content":{"rendered":"<div class=\"editor-content\"><p class=\"wp-block-paragraph\" style=\"text-align: center;\"><strong>Une campagne hebdomadaire qui met en vedette des films canadiens \u00e0 0,99 $ sur l\u2019appli Apple TV<\/strong><\/p>\n<p>Tandis que les mesures de confinement dues \u00e0 la COVID-19 incitent plus que jamais la consommation de contenu num\u00e9rique, T\u00e9l\u00e9film met en vedette les cin\u00e9astes canadiens avec la nouvelle s\u00e9rie\u00a0<em>Le film canadien de la semaine<\/em>\u00a0offerte exclusivement sur l\u2019application Apple TV. Chaque semaine, un film canadien sera offert en location pour seulement 0,99 $ sur l\u2019appli Apple TV. La campagne commence le mardi 30 mars et prendra fin apr\u00e8s la f\u00eate du Canada.<\/p>\n<p>\u00ab La d\u00e9couvrabilit\u00e9 est la cl\u00e9 pour permettre aux cin\u00e9astes canadiens et \u00e0 leurs \u0153uvres de rayonner dans un march\u00e9 de plus en plus satur\u00e9 \u00bb, a d\u00e9clar\u00e9 Christa Dickenson, directrice g\u00e9n\u00e9rale de T\u00e9l\u00e9film Canada. \u00ab Pr\u00e9senter la s\u00e9rie\u00a0<em>Le film canadien de la semaine\u00a0<\/em>sur l\u2019appli Apple TV permet aux auditoires d\u2019explorer facilement l\u2019offre de films canadiens, des coups de c\u0153ur des festivals aux classiques contemporains, et bien plus encore. \u00bb<\/p>\n<p><strong>Les titres de la s\u00e9rie\u00a0<em>Le film canadien de la semaine<\/em>\u00a0sont les suivants* :<\/strong><\/p>\n<p><strong><em>The Rest of Us<\/em><\/strong><em>\u00a0<\/em>(vf :\u00a0<em>Celles qui restent<\/em>)<br \/>\n30 mars \u2013 5 avril<\/p>\n<p><em><strong>Les Boys\u00a0\u00a0\u00a0\u00a0\u00a0<\/strong><\/em><br \/>\n6 \u2013 12 avril<\/p>\n<p><em><strong>Wander\u00a0\u00a0\u00a0\u00a0\u00a0<\/strong><\/em><br \/>\n13 \u2013 19 avril<\/p>\n<p><em><strong>Canadian Strain\u00a0<\/strong>\u00a0\u00a0\u00a0<\/em><br \/>\n20 \u2013 26 avril<\/p>\n<p><strong><em>Target Number One<\/em>\u00a0<\/strong>(vf :\u00a0<em>Suspect num\u00e9ro un<\/em>)<br \/>\n27 avril \u20133 mai<\/p>\n<p><em><strong>Maudie<\/strong><\/em>\u00a0(vf :\u00a0<em>Maud<\/em>)<br \/>\n4 \u2013 10 mai<\/p>\n<p><em><strong>Crash<\/strong><\/em>\u00a0(vf :\u00a0<em>Crash<\/em>, nouvelle restauration en 4K)<br \/>\n11 \u2013 17 mai<\/p>\n<p><em><strong>Gabrielle\u00a0\u00a0\u00a0\u00a0\u00a0<\/strong><\/em><br \/>\n18 \u2013 24 mai<\/p>\n<p><strong><em>Nadia, Butterfly\u00a0\u00a0\u00a0\u00a0<\/em><\/strong><br \/>\n25 \u2013 31 mai<\/p>\n<p><em><strong>The Incredible 25th Year of Mitzi Bearclaw<\/strong><\/em><br \/>\n1 \u2013 7 juin<\/p>\n<p><strong><em>Porcupine Lake\u00a0\u00a0\u00a0\u00a0\u00a0<\/em><\/strong><br \/>\n8 \u2013 14 juin<\/p>\n<p><strong><em>Starbuck\u00a0\u00a0\u00a0\u00a0\u00a0<\/em><\/strong><br \/>\n15 \u2013 21 juin<\/p>\n<p><strong><em>1991\u00a0\u00a0\u00a0\u00a0\u00a0<\/em><\/strong><br \/>\n22 \u2013 28 juin<\/p>\n<p><strong><em>The Kid Detective<\/em><\/strong>\u00a0(vf :<em>\u00a0Le jeune d\u00e9tective<\/em>)<br \/>\n29 juin \u20135 juillet<\/p>\n<p>*Tous les titres\/dates sous r\u00e9serve de modification<\/p>\n<figure><img loading=\"lazy\" decoding=\"async\" class=\"alignleft\" src=\"https:\/\/telefilm.ca\/wp-content\/uploads\/cmotw01fr-1235x726.jpg\" width=\"885\" height=\"520\" \/><\/figure>\n<p>&nbsp;<\/p>\n<p>\u00c0 elle seule, l\u2019appli Apple TV regroupe toutes les fa\u00e7ons de regarder des \u00e9missions et des films. Elle est offerte sur iPhone, iPad, Apple TV, Mac, certains t\u00e9l\u00e9viseurs intelligents Samsung, LG, Sony et VIZIO, les dispositifs de Roku et d\u2019Amazon Fire TV, Chromecast avec Google TV et les consoles PlayStation et Xbox. L\u2019appli Apple TV comprend aussi Apple TV+, le service d\u2019abonnement vid\u00e9o d\u2019Apple donnant acc\u00e8s \u00e0 des \u00e9missions, des films et des documentaires originaux produits par les talents les plus cr\u00e9atifs au monde, ainsi que d\u2019autres cha\u00eenes d\u2019Apple TV, des recommandations personnalis\u00e9es et \u00e9dit\u00e9es, de m\u00eame que des films et des \u00e9missions de t\u00e9l\u00e9vision offerts \u00e0 l\u2019achat ou en location.<\/p>\n<p><strong>\u00c0 propos de T\u00e9l\u00e9film Canada<\/strong><br \/>\nT\u00e9l\u00e9film est vou\u00e9e \u00e0 la r\u00e9ussite de l\u2019industrie audiovisuelle canadienne sur les plans culturel, commercial et industriel. Par l\u2019entremise de diff\u00e9rents programmes de financement et de promotion, T\u00e9l\u00e9film appuie des entreprises dynamiques et des cr\u00e9ateurs de talent ici et \u00e0 l\u2019international. De plus, T\u00e9l\u00e9film formule des recommandations aupr\u00e8s du minist\u00e8re du Patrimoine canadien concernant la certification des coproductions audiovisuelles r\u00e9gies par des trait\u00e9s, et elle administre les programmes du Fonds des m\u00e9dias du Canada. Lanc\u00e9 en 2012, le Fonds des talents accepte des dons priv\u00e9s qui servent principalement \u00e0 soutenir les talents \u00e9mergents. Visitez\u00a0<strong><a href=\"https:\/\/telefilm.ca%20\/\" target=\"_blank\" rel=\"noopener\" data-cke-saved-href=\"https:\/\/telefilm.ca%20\">telefilm.ca<\/a>\u00a0<\/strong>et suivez-nous sur Twitter \u00e0\u00a0<strong><a href=\"http:\/\/twitter.com\/telefilm_canada\" target=\"_blank\" rel=\"noopener\" data-cke-saved-href=\"http:\/\/twitter.com\/telefilm_canada\">twitter.com\/telefilm_canada<\/a><\/strong>\u00a0et Facebook \u00e0\u00a0<a href=\"http:\/\/facebook.com\/telefilmcanada\" target=\"_blank\" rel=\"noopener\" data-cke-saved-href=\"http:\/\/facebook.com\/telefilmcanada\"><strong>facebook.com\/telefilmcanada<\/strong><\/a>.<\/p>\n<p><strong>Personnes-ressources pour les m\u00e9dias :<\/strong><br \/>\nAndr\u00e9ane Leblanc<br \/>\nConseill\u00e8re, relations publiques \u2013 march\u00e9 francophone<br \/>\nT\u00e9l\u00e9film Canada<br \/>\n438 469-1204<br \/>\n<a href=\"mailto:andreane.leblanc@telefilm.ca\" data-cke-saved-href=\"mailto:andreane.leblanc@telefilm.ca\"><strong>andreane.leblanc@telefilm.ca<\/strong><\/a><\/p>\n<\/div>","protected":false},"excerpt":{"rendered":"<p>Une campagne hebdomadaire qui met en vedette des films canadiens \u00e0 0,99 $ sur l\u2019appli Apple TV Tandis que les mesures de confinement dues \u00e0 la COVID-19 incitent plus que jamais la consommation de contenu num\u00e9rique, T\u00e9l\u00e9film met en vedette les cin\u00e9astes canadiens avec la nouvelle s\u00e9rie\u00a0Le film canadien de la semaine\u00a0offerte exclusivement sur l\u2019application [&hellip;]<\/p>\n","protected":false},"author":1,"featured_media":0,"comment_status":"closed","ping_status":"closed","sticky":false,"template":"","format":"standard","meta":{"_acf_changed":false,"footnotes":""},"categories":[2],"tags":[],"class_list":["post-3337","post","type-post","status-publish","format-standard","hentry","category-communiques-de-presse"],"acf":{"liens":null},"yoast_head":"<!-- This site is optimized with the Yoast SEO plugin v28.4 - https:\/\/yoast.com\/product\/yoast-seo-wordpress\/ -->\n<title>T\u00e9l\u00e9film Canada lance la s\u00e9rie \u00ab Le film canadien de la semaine \u00bb sur l\u2019appli Apple TV | T\u00e9l\u00e9film Canada<\/title>\n<meta name=\"robots\" content=\"index, follow, max-snippet:-1, max-image-preview:large, max-video-preview:-1\" \/>\n<link rel=\"canonical\" href=\"https:\/\/telefilm.ca\/fr\/telefilm-canada-lance-la-serie-le-film-canadien-de-la-semaine-sur-lappli-apple-tv\" \/>\n<meta property=\"og:locale\" content=\"fr_CA\" \/>\n<meta property=\"og:type\" content=\"article\" \/>\n<meta property=\"og:title\" content=\"T\u00e9l\u00e9film Canada lance la s\u00e9rie \u00ab Le film canadien de la semaine \u00bb sur l\u2019appli Apple TV | T\u00e9l\u00e9film Canada\" \/>\n<meta property=\"og:description\" content=\"Une campagne hebdomadaire qui met en vedette des films canadiens \u00e0 0,99 $ sur l\u2019appli Apple TV Tandis que les mesures de confinement dues \u00e0 la COVID-19 incitent plus que jamais la consommation de contenu num\u00e9rique, T\u00e9l\u00e9film met en vedette les cin\u00e9astes canadiens avec la nouvelle s\u00e9rie\u00a0Le film canadien de la semaine\u00a0offerte exclusivement sur l\u2019application [&hellip;]\" \/>\n<meta property=\"og:url\" content=\"https:\/\/telefilm.ca\/fr\/telefilm-canada-lance-la-serie-le-film-canadien-de-la-semaine-sur-lappli-apple-tv\" \/>\n<meta property=\"og:site_name\" content=\"T\u00e9l\u00e9film Canada\" \/>\n<meta property=\"article:publisher\" content=\"https:\/\/www.facebook.com\/TelefilmCanada\/\" \/>\n<meta property=\"article:published_time\" content=\"2021-03-30T16:18:59+00:00\" \/>\n<meta property=\"article:modified_time\" content=\"2026-06-15T19:01:49+00:00\" \/>\n<meta property=\"og:image\" content=\"https:\/\/telefilm.ca\/wp-content\/uploads\/cmotw01fr-1235x726.jpg\" \/>\n<meta name=\"author\" content=\"activis\" \/>\n<meta name=\"twitter:card\" content=\"summary_large_image\" \/>\n<meta name=\"twitter:creator\" content=\"@Telefilm_Canada\" \/>\n<meta name=\"twitter:site\" content=\"@Telefilm_Canada\" \/>\n<meta name=\"twitter:label1\" content=\"\u00c9crit par\" \/>\n\t<meta name=\"twitter:data1\" content=\"activis\" \/>\n\t<meta name=\"twitter:label2\" content=\"Estimation du temps de lecture\" \/>\n\t<meta name=\"twitter:data2\" content=\"3 minutes\" \/>\n<script type=\"application\/ld+json\" class=\"yoast-schema-graph\">{\"@context\":\"https:\\\/\\\/schema.org\",\"@graph\":[{\"@type\":\"Article\",\"@id\":\"https:\\\/\\\/telefilm.ca\\\/fr\\\/telefilm-canada-lance-la-serie-le-film-canadien-de-la-semaine-sur-lappli-apple-tv#article\",\"isPartOf\":{\"@id\":\"https:\\\/\\\/telefilm.ca\\\/fr\\\/telefilm-canada-lance-la-serie-le-film-canadien-de-la-semaine-sur-lappli-apple-tv\"},\"author\":{\"name\":\"activis\",\"@id\":\"https:\\\/\\\/telefilm.ca\\\/fr#\\\/schema\\\/person\\\/7ae4b57998164e67f9a6b3f8fc95af0f\"},\"headline\":\"T\u00e9l\u00e9film Canada lance la s\u00e9rie \u00ab Le film canadien de la semaine \u00bb sur l\u2019appli Apple TV\",\"datePublished\":\"2021-03-30T16:18:59+00:00\",\"dateModified\":\"2026-06-15T19:01:49+00:00\",\"mainEntityOfPage\":{\"@id\":\"https:\\\/\\\/telefilm.ca\\\/fr\\\/telefilm-canada-lance-la-serie-le-film-canadien-de-la-semaine-sur-lappli-apple-tv\"},\"wordCount\":568,\"publisher\":{\"@id\":\"https:\\\/\\\/telefilm.ca\\\/fr#organization\"},\"image\":{\"@id\":\"https:\\\/\\\/telefilm.ca\\\/fr\\\/telefilm-canada-lance-la-serie-le-film-canadien-de-la-semaine-sur-lappli-apple-tv#primaryimage\"},\"thumbnailUrl\":\"https:\\\/\\\/telefilm.ca\\\/wp-content\\\/uploads\\\/cmotw01fr-1235x726.jpg\",\"articleSection\":[\"Communiqu\u00e9s de presse\"],\"inLanguage\":\"fr-CA\"},{\"@type\":\"WebPage\",\"@id\":\"https:\\\/\\\/telefilm.ca\\\/fr\\\/telefilm-canada-lance-la-serie-le-film-canadien-de-la-semaine-sur-lappli-apple-tv\",\"url\":\"https:\\\/\\\/telefilm.ca\\\/fr\\\/telefilm-canada-lance-la-serie-le-film-canadien-de-la-semaine-sur-lappli-apple-tv\",\"name\":\"T\u00e9l\u00e9film Canada lance la s\u00e9rie \u00ab Le film canadien de la semaine \u00bb sur l\u2019appli Apple TV | T\u00e9l\u00e9film Canada\",\"isPartOf\":{\"@id\":\"https:\\\/\\\/telefilm.ca\\\/fr#website\"},\"primaryImageOfPage\":{\"@id\":\"https:\\\/\\\/telefilm.ca\\\/fr\\\/telefilm-canada-lance-la-serie-le-film-canadien-de-la-semaine-sur-lappli-apple-tv#primaryimage\"},\"image\":{\"@id\":\"https:\\\/\\\/telefilm.ca\\\/fr\\\/telefilm-canada-lance-la-serie-le-film-canadien-de-la-semaine-sur-lappli-apple-tv#primaryimage\"},\"thumbnailUrl\":\"https:\\\/\\\/telefilm.ca\\\/wp-content\\\/uploads\\\/cmotw01fr-1235x726.jpg\",\"datePublished\":\"2021-03-30T16:18:59+00:00\",\"dateModified\":\"2026-06-15T19:01:49+00:00\",\"breadcrumb\":{\"@id\":\"https:\\\/\\\/telefilm.ca\\\/fr\\\/telefilm-canada-lance-la-serie-le-film-canadien-de-la-semaine-sur-lappli-apple-tv#breadcrumb\"},\"inLanguage\":\"fr-CA\",\"potentialAction\":[{\"@type\":\"ReadAction\",\"target\":[\"https:\\\/\\\/telefilm.ca\\\/fr\\\/telefilm-canada-lance-la-serie-le-film-canadien-de-la-semaine-sur-lappli-apple-tv\"]}]},{\"@type\":\"ImageObject\",\"inLanguage\":\"fr-CA\",\"@id\":\"https:\\\/\\\/telefilm.ca\\\/fr\\\/telefilm-canada-lance-la-serie-le-film-canadien-de-la-semaine-sur-lappli-apple-tv#primaryimage\",\"url\":\"https:\\\/\\\/telefilm.ca\\\/wp-content\\\/uploads\\\/cmotw01fr-1235x726.jpg\",\"contentUrl\":\"https:\\\/\\\/telefilm.ca\\\/wp-content\\\/uploads\\\/cmotw01fr-1235x726.jpg\"},{\"@type\":\"BreadcrumbList\",\"@id\":\"https:\\\/\\\/telefilm.ca\\\/fr\\\/telefilm-canada-lance-la-serie-le-film-canadien-de-la-semaine-sur-lappli-apple-tv#breadcrumb\",\"itemListElement\":[{\"@type\":\"ListItem\",\"position\":1,\"name\":\"Accueil\",\"item\":\"https:\\\/\\\/telefilm.ca\\\/fr\"},{\"@type\":\"ListItem\",\"position\":2,\"name\":\"Communiqu\u00e9s de presse\",\"item\":\"https:\\\/\\\/telefilm.ca\\\/fr\\\/communiques-de-presse\"},{\"@type\":\"ListItem\",\"position\":3,\"name\":\"T\u00e9l\u00e9film Canada lance la s\u00e9rie \u00ab Le film canadien de la semaine \u00bb sur l\u2019appli Apple TV\"}]},{\"@type\":\"WebSite\",\"@id\":\"https:\\\/\\\/telefilm.ca\\\/fr#website\",\"url\":\"https:\\\/\\\/telefilm.ca\\\/fr\",\"name\":\"T\u00e9l\u00e9film Canada\",\"description\":\"Partenaire de choix\",\"publisher\":{\"@id\":\"https:\\\/\\\/telefilm.ca\\\/fr#organization\"},\"potentialAction\":[{\"@type\":\"SearchAction\",\"target\":{\"@type\":\"EntryPoint\",\"urlTemplate\":\"https:\\\/\\\/telefilm.ca\\\/fr?s={search_term_string}\"},\"query-input\":{\"@type\":\"PropertyValueSpecification\",\"valueRequired\":true,\"valueName\":\"search_term_string\"}}],\"inLanguage\":\"fr-CA\"},{\"@type\":\"Organization\",\"@id\":\"https:\\\/\\\/telefilm.ca\\\/fr#organization\",\"name\":\"Telefilm Canada\",\"url\":\"https:\\\/\\\/telefilm.ca\\\/fr\",\"logo\":{\"@type\":\"ImageObject\",\"inLanguage\":\"fr-CA\",\"@id\":\"https:\\\/\\\/telefilm.ca\\\/fr#\\\/schema\\\/logo\\\/image\\\/\",\"url\":\"https:\\\/\\\/telefilm.ca\\\/wp-content\\\/uploads\\\/2026\\\/05\\\/cropped-tfc_favicon_512.png\",\"contentUrl\":\"https:\\\/\\\/telefilm.ca\\\/wp-content\\\/uploads\\\/2026\\\/05\\\/cropped-tfc_favicon_512.png\",\"width\":512,\"height\":512,\"caption\":\"Telefilm Canada\"},\"image\":{\"@id\":\"https:\\\/\\\/telefilm.ca\\\/fr#\\\/schema\\\/logo\\\/image\\\/\"},\"sameAs\":[\"https:\\\/\\\/www.facebook.com\\\/TelefilmCanada\\\/\",\"https:\\\/\\\/x.com\\\/Telefilm_Canada\",\"https:\\\/\\\/www.instagram.com\\\/telefilm_canada\\\/\",\"https:\\\/\\\/www.linkedin.com\\\/company\\\/telefilm-canada\\\/\",\"https:\\\/\\\/www.youtube.com\\\/user\\\/telefilmcanada\"]},{\"@type\":\"Person\",\"@id\":\"https:\\\/\\\/telefilm.ca\\\/fr#\\\/schema\\\/person\\\/7ae4b57998164e67f9a6b3f8fc95af0f\",\"name\":\"activis\",\"image\":{\"@type\":\"ImageObject\",\"inLanguage\":\"fr-CA\",\"@id\":\"https:\\\/\\\/secure.gravatar.com\\\/avatar\\\/fdbf879f592e252f73dc1a59f25a0093f5d64089cf1613216edd9805faf016d5?s=96&d=mm&r=g\",\"url\":\"https:\\\/\\\/secure.gravatar.com\\\/avatar\\\/fdbf879f592e252f73dc1a59f25a0093f5d64089cf1613216edd9805faf016d5?s=96&d=mm&r=g\",\"contentUrl\":\"https:\\\/\\\/secure.gravatar.com\\\/avatar\\\/fdbf879f592e252f73dc1a59f25a0093f5d64089cf1613216edd9805faf016d5?s=96&d=mm&r=g\",\"caption\":\"activis\"},\"sameAs\":[\"https:\\\/\\\/telefilm.ca\"],\"url\":\"https:\\\/\\\/telefilm.ca\\\/fr\\\/author\\\/activis\"}]}<\/script>\n<!-- \/ Yoast SEO plugin. -->","yoast_head_json":{"title":"T\u00e9l\u00e9film Canada lance la s\u00e9rie \u00ab Le film canadien de la semaine \u00bb sur l\u2019appli Apple TV | T\u00e9l\u00e9film Canada","robots":{"index":"index","follow":"follow","max-snippet":"max-snippet:-1","max-image-preview":"max-image-preview:large","max-video-preview":"max-video-preview:-1"},"canonical":"https:\/\/telefilm.ca\/fr\/telefilm-canada-lance-la-serie-le-film-canadien-de-la-semaine-sur-lappli-apple-tv","og_locale":"fr_CA","og_type":"article","og_title":"T\u00e9l\u00e9film Canada lance la s\u00e9rie \u00ab Le film canadien de la semaine \u00bb sur l\u2019appli Apple TV | T\u00e9l\u00e9film Canada","og_description":"Une campagne hebdomadaire qui met en vedette des films canadiens \u00e0 0,99 $ sur l\u2019appli Apple TV Tandis que les mesures de confinement dues \u00e0 la COVID-19 incitent plus que jamais la consommation de contenu num\u00e9rique, T\u00e9l\u00e9film met en vedette les cin\u00e9astes canadiens avec la nouvelle s\u00e9rie\u00a0Le film canadien de la semaine\u00a0offerte exclusivement sur l\u2019application [&hellip;]","og_url":"https:\/\/telefilm.ca\/fr\/telefilm-canada-lance-la-serie-le-film-canadien-de-la-semaine-sur-lappli-apple-tv","og_site_name":"T\u00e9l\u00e9film Canada","article_publisher":"https:\/\/www.facebook.com\/TelefilmCanada\/","article_published_time":"2021-03-30T16:18:59+00:00","article_modified_time":"2026-06-15T19:01:49+00:00","og_image":[{"url":"https:\/\/telefilm.ca\/wp-content\/uploads\/cmotw01fr-1235x726.jpg","type":"","width":"","height":""}],"author":"activis","twitter_card":"summary_large_image","twitter_creator":"@Telefilm_Canada","twitter_site":"@Telefilm_Canada","twitter_misc":{"\u00c9crit par":"activis","Estimation du temps de lecture":"3 minutes"},"schema":{"@context":"https:\/\/schema.org","@graph":[{"@type":"Article","@id":"https:\/\/telefilm.ca\/fr\/telefilm-canada-lance-la-serie-le-film-canadien-de-la-semaine-sur-lappli-apple-tv#article","isPartOf":{"@id":"https:\/\/telefilm.ca\/fr\/telefilm-canada-lance-la-serie-le-film-canadien-de-la-semaine-sur-lappli-apple-tv"},"author":{"name":"activis","@id":"https:\/\/telefilm.ca\/fr#\/schema\/person\/7ae4b57998164e67f9a6b3f8fc95af0f"},"headline":"T\u00e9l\u00e9film Canada lance la s\u00e9rie \u00ab Le film canadien de la semaine \u00bb sur l\u2019appli Apple TV","datePublished":"2021-03-30T16:18:59+00:00","dateModified":"2026-06-15T19:01:49+00:00","mainEntityOfPage":{"@id":"https:\/\/telefilm.ca\/fr\/telefilm-canada-lance-la-serie-le-film-canadien-de-la-semaine-sur-lappli-apple-tv"},"wordCount":568,"publisher":{"@id":"https:\/\/telefilm.ca\/fr#organization"},"image":{"@id":"https:\/\/telefilm.ca\/fr\/telefilm-canada-lance-la-serie-le-film-canadien-de-la-semaine-sur-lappli-apple-tv#primaryimage"},"thumbnailUrl":"https:\/\/telefilm.ca\/wp-content\/uploads\/cmotw01fr-1235x726.jpg","articleSection":["Communiqu\u00e9s de presse"],"inLanguage":"fr-CA"},{"@type":"WebPage","@id":"https:\/\/telefilm.ca\/fr\/telefilm-canada-lance-la-serie-le-film-canadien-de-la-semaine-sur-lappli-apple-tv","url":"https:\/\/telefilm.ca\/fr\/telefilm-canada-lance-la-serie-le-film-canadien-de-la-semaine-sur-lappli-apple-tv","name":"T\u00e9l\u00e9film Canada lance la s\u00e9rie \u00ab Le film canadien de la semaine \u00bb sur l\u2019appli Apple TV | T\u00e9l\u00e9film Canada","isPartOf":{"@id":"https:\/\/telefilm.ca\/fr#website"},"primaryImageOfPage":{"@id":"https:\/\/telefilm.ca\/fr\/telefilm-canada-lance-la-serie-le-film-canadien-de-la-semaine-sur-lappli-apple-tv#primaryimage"},"image":{"@id":"https:\/\/telefilm.ca\/fr\/telefilm-canada-lance-la-serie-le-film-canadien-de-la-semaine-sur-lappli-apple-tv#primaryimage"},"thumbnailUrl":"https:\/\/telefilm.ca\/wp-content\/uploads\/cmotw01fr-1235x726.jpg","datePublished":"2021-03-30T16:18:59+00:00","dateModified":"2026-06-15T19:01:49+00:00","breadcrumb":{"@id":"https:\/\/telefilm.ca\/fr\/telefilm-canada-lance-la-serie-le-film-canadien-de-la-semaine-sur-lappli-apple-tv#breadcrumb"},"inLanguage":"fr-CA","potentialAction":[{"@type":"ReadAction","target":["https:\/\/telefilm.ca\/fr\/telefilm-canada-lance-la-serie-le-film-canadien-de-la-semaine-sur-lappli-apple-tv"]}]},{"@type":"ImageObject","inLanguage":"fr-CA","@id":"https:\/\/telefilm.ca\/fr\/telefilm-canada-lance-la-serie-le-film-canadien-de-la-semaine-sur-lappli-apple-tv#primaryimage","url":"https:\/\/telefilm.ca\/wp-content\/uploads\/cmotw01fr-1235x726.jpg","contentUrl":"https:\/\/telefilm.ca\/wp-content\/uploads\/cmotw01fr-1235x726.jpg"},{"@type":"BreadcrumbList","@id":"https:\/\/telefilm.ca\/fr\/telefilm-canada-lance-la-serie-le-film-canadien-de-la-semaine-sur-lappli-apple-tv#breadcrumb","itemListElement":[{"@type":"ListItem","position":1,"name":"Accueil","item":"https:\/\/telefilm.ca\/fr"},{"@type":"ListItem","position":2,"name":"Communiqu\u00e9s de presse","item":"https:\/\/telefilm.ca\/fr\/communiques-de-presse"},{"@type":"ListItem","position":3,"name":"T\u00e9l\u00e9film Canada lance la s\u00e9rie \u00ab Le film canadien de la semaine \u00bb sur l\u2019appli Apple TV"}]},{"@type":"WebSite","@id":"https:\/\/telefilm.ca\/fr#website","url":"https:\/\/telefilm.ca\/fr","name":"T\u00e9l\u00e9film Canada","description":"Partenaire de choix","publisher":{"@id":"https:\/\/telefilm.ca\/fr#organization"},"potentialAction":[{"@type":"SearchAction","target":{"@type":"EntryPoint","urlTemplate":"https:\/\/telefilm.ca\/fr?s={search_term_string}"},"query-input":{"@type":"PropertyValueSpecification","valueRequired":true,"valueName":"search_term_string"}}],"inLanguage":"fr-CA"},{"@type":"Organization","@id":"https:\/\/telefilm.ca\/fr#organization","name":"Telefilm Canada","url":"https:\/\/telefilm.ca\/fr","logo":{"@type":"ImageObject","inLanguage":"fr-CA","@id":"https:\/\/telefilm.ca\/fr#\/schema\/logo\/image\/","url":"https:\/\/telefilm.ca\/wp-content\/uploads\/2026\/05\/cropped-tfc_favicon_512.png","contentUrl":"https:\/\/telefilm.ca\/wp-content\/uploads\/2026\/05\/cropped-tfc_favicon_512.png","width":512,"height":512,"caption":"Telefilm Canada"},"image":{"@id":"https:\/\/telefilm.ca\/fr#\/schema\/logo\/image\/"},"sameAs":["https:\/\/www.facebook.com\/TelefilmCanada\/","https:\/\/x.com\/Telefilm_Canada","https:\/\/www.instagram.com\/telefilm_canada\/","https:\/\/www.linkedin.com\/company\/telefilm-canada\/","https:\/\/www.youtube.com\/user\/telefilmcanada"]},{"@type":"Person","@id":"https:\/\/telefilm.ca\/fr#\/schema\/person\/7ae4b57998164e67f9a6b3f8fc95af0f","name":"activis","image":{"@type":"ImageObject","inLanguage":"fr-CA","@id":"https:\/\/secure.gravatar.com\/avatar\/fdbf879f592e252f73dc1a59f25a0093f5d64089cf1613216edd9805faf016d5?s=96&d=mm&r=g","url":"https:\/\/secure.gravatar.com\/avatar\/fdbf879f592e252f73dc1a59f25a0093f5d64089cf1613216edd9805faf016d5?s=96&d=mm&r=g","contentUrl":"https:\/\/secure.gravatar.com\/avatar\/fdbf879f592e252f73dc1a59f25a0093f5d64089cf1613216edd9805faf016d5?s=96&d=mm&r=g","caption":"activis"},"sameAs":["https:\/\/telefilm.ca"],"url":"https:\/\/telefilm.ca\/fr\/author\/activis"}]}},"wpml_current_locale":"fr_CA","wpml_translations":[{"locale":"en_CA","id":3336,"post_title":"Telefilm Canada launches Canadian Movie of the Week series on the Apple TV app","href":"https:\/\/telefilm.ca\/en\/telefilm-canada-launches-canadian-movie-of-the-week-series-on-the-apple-tv-app\/"}],"_links":{"self":[{"href":"https:\/\/telefilm.ca\/fr\/wp-json\/wp\/v2\/posts\/3337","targetHints":{"allow":["GET"]}}],"collection":[{"href":"https:\/\/telefilm.ca\/fr\/wp-json\/wp\/v2\/posts"}],"about":[{"href":"https:\/\/telefilm.ca\/fr\/wp-json\/wp\/v2\/types\/post"}],"author":[{"embeddable":true,"href":"https:\/\/telefilm.ca\/fr\/wp-json\/wp\/v2\/users\/1"}],"replies":[{"embeddable":true,"href":"https:\/\/telefilm.ca\/fr\/wp-json\/wp\/v2\/comments?post=3337"}],"version-history":[{"count":1,"href":"https:\/\/telefilm.ca\/fr\/wp-json\/wp\/v2\/posts\/3337\/revisions"}],"predecessor-version":[{"id":189735,"href":"https:\/\/telefilm.ca\/fr\/wp-json\/wp\/v2\/posts\/3337\/revisions\/189735"}],"wp:attachment":[{"href":"https:\/\/telefilm.ca\/fr\/wp-json\/wp\/v2\/media?parent=3337"}],"wp:term":[{"taxonomy":"category","embeddable":true,"href":"https:\/\/telefilm.ca\/fr\/wp-json\/wp\/v2\/categories?post=3337"},{"taxonomy":"post_tag","embeddable":true,"href":"https:\/\/telefilm.ca\/fr\/wp-json\/wp\/v2\/tags?post=3337"}],"curies":[{"name":"wp","href":"https:\/\/api.w.org\/{rel}","templated":true}]}}